{"id":893,"date":"2022-03-14T11:14:04","date_gmt":"2022-03-14T11:14:04","guid":{"rendered":"https:\/\/larptheque.larp.fr\/?p=893"},"modified":"2022-04-28T10:51:19","modified_gmt":"2022-04-28T10:51:19","slug":"19h-conversation-entre-francois-hollande-et-nicolas-pariser","status":"publish","type":"post","link":"https:\/\/larptheque.larp.fr\/index.php\/2022\/03\/14\/19h-conversation-entre-francois-hollande-et-nicolas-pariser\/","title":{"rendered":"19h : CONVERSATION entre FRANCOIS HOLLANDE ET NICOLAS PARISER"},"content":{"rendered":"\n<p>Rencontre exclusive, entre Fran\u00e7ois Hollande &#8211; ancien Pr\u00e9sident de la R\u00e9publique &#8211; et Nicolas Pariser &#8211; cin\u00e9aste dont l&rsquo;\u0153uvre est intimement li\u00e9e \u00e0 la chose politique (<em>Alice et le Maire, Le Grand Jeu<\/em>).<\/p>\n\n\n\n<p><strong>En Replay : <\/strong><\/p>\n\n\n\n<figure class=\"wp-block-embed is-type-video is-provider-youtube wp-block-embed-youtube wp-embed-aspect-16-9 wp-has-aspect-ratio\"><div class=\"wp-block-embed__wrapper\">\n<iframe loading=\"lazy\" title=\"Journ\u00e9e de la cr\u00e9ation 2022 - Conversation entre Fran\u00e7ois Hollande et Nicolas Pariser\" width=\"474\" height=\"267\" src=\"https:\/\/www.youtube.com\/embed\/kEFdPwMue-w?feature=oembed\" frameborder=\"0\" allow=\"accelerometer; autoplay; clipboard-write; encrypted-media; gyroscope; picture-in-picture; web-share\" referrerpolicy=\"strict-origin-when-cross-origin\" allowfullscreen><\/iframe>\n<\/div><\/figure>\n\n\n\n<p><strong>Avec : <\/strong><\/p>\n\n\n\n<div class=\"wp-block-cover aligncenter is-light\"><span aria-hidden=\"true\" class=\"wp-block-cover__gradient-background has-background-dim\"><\/span><img loading=\"lazy\" decoding=\"async\" width=\"1024\" height=\"683\" class=\"wp-block-cover__image-background wp-image-991\" alt=\"\" src=\"https:\/\/larptheque.larp.fr\/wp-content\/uploads\/2022\/03\/Francois-HOLLANDE-\u00a9-Benoit-Granier-min-1024x683.jpg\" style=\"object-position:100% 40%\" data-object-fit=\"cover\" data-object-position=\"100% 40%\" srcset=\"https:\/\/larptheque.larp.fr\/wp-content\/uploads\/2022\/03\/Francois-HOLLANDE-\u00a9-Benoit-Granier-min-1024x683.jpg 1024w, https:\/\/larptheque.larp.fr\/wp-content\/uploads\/2022\/03\/Francois-HOLLANDE-\u00a9-Benoit-Granier-min-300x200.jpg 300w, https:\/\/larptheque.larp.fr\/wp-content\/uploads\/2022\/03\/Francois-HOLLANDE-\u00a9-Benoit-Granier-min-768x512.jpg 768w, https:\/\/larptheque.larp.fr\/wp-content\/uploads\/2022\/03\/Francois-HOLLANDE-\u00a9-Benoit-Granier-min-1536x1024.jpg 1536w, https:\/\/larptheque.larp.fr\/wp-content\/uploads\/2022\/03\/Francois-HOLLANDE-\u00a9-Benoit-Granier-min-2048x1365.jpg 2048w\" sizes=\"auto, (max-width: 1024px) 100vw, 1024px\" \/><div class=\"wp-block-cover__inner-container is-layout-flow wp-block-cover-is-layout-flow\">\n<div style=\"height:201px\" aria-hidden=\"true\" class=\"wp-block-spacer\"><\/div>\n\n\n\n<p class=\"has-text-align-center has-white-color has-text-color has-large-font-size\"><strong>Fran\u00e7ois Hollande<\/strong>, <br>Ancien Pr\u00e9sident de la R\u00e9publique<\/p>\n<\/div><\/div>\n\n\n\n<p class=\"has-small-font-size\">\u00a9 Benoit Granier<\/p>\n\n\n\n<p><em>Fran\u00e7ois Hollande a \u00e9t\u00e9 Pr\u00e9sident de la R\u00e9publique Fran\u00e7aise de mai 2012 \u00e0 mai 2017. Durant son mandat, il a men\u00e9 d\u2019importantes r\u00e9formes qui ont r\u00e9tabli la comp\u00e9titivit\u00e9 et la croissance de l\u2019\u00e9conomie fran\u00e7aise. Et il a fait face avec autorit\u00e9 aux attentats qui ont ensanglant\u00e9 son pays en 2015 et 2016.<\/em><\/p>\n\n\n\n<p><em>Il a eu \u00e0 prendre des d\u00e9cisions importantes au nom de le France. Notamment l\u2019engagement de ses forces arm\u00e9es au Mali pour lutter contre les groupes terroristes install\u00e9s au Sahel. Et c\u2019est sous sa pr\u00e9sidence qu\u2019a \u00e9t\u00e9 conclu \u00e0 Paris l\u2019accord mondial sur le climat en d\u00e9cembre 2015.<\/em><\/p>\n\n\n\n<p><em>Aujourd\u2019hui, il pr\u00e9side la Fondation \u00ab&nbsp;la France s\u2019engage&nbsp;\u00bb dont la mission est de soutenir toutes les initiatives qui contribuent \u00e0 renforcer la solidarit\u00e9 et \u00e0 cr\u00e9er du lien entre les citoyens.<\/em><\/p>\n\n\n\n<div class=\"wp-block-cover aligncenter\"><span aria-hidden=\"true\" class=\"wp-block-cover__gradient-background has-background-dim\"><\/span><img loading=\"lazy\" decoding=\"async\" width=\"1024\" height=\"683\" class=\"wp-block-cover__image-background wp-image-912\" alt=\"\" src=\"https:\/\/larptheque.larp.fr\/wp-content\/uploads\/2022\/03\/Nicolas-Pariser-\u00a9-Victor-Mirabel-1024x683.jpeg\" style=\"object-position:48% 39%\" data-object-fit=\"cover\" data-object-position=\"48% 39%\" srcset=\"https:\/\/larptheque.larp.fr\/wp-content\/uploads\/2022\/03\/Nicolas-Pariser-\u00a9-Victor-Mirabel-1024x683.jpeg 1024w, https:\/\/larptheque.larp.fr\/wp-content\/uploads\/2022\/03\/Nicolas-Pariser-\u00a9-Victor-Mirabel-300x200.jpeg 300w, https:\/\/larptheque.larp.fr\/wp-content\/uploads\/2022\/03\/Nicolas-Pariser-\u00a9-Victor-Mirabel-768x512.jpeg 768w, https:\/\/larptheque.larp.fr\/wp-content\/uploads\/2022\/03\/Nicolas-Pariser-\u00a9-Victor-Mirabel-1536x1024.jpeg 1536w, https:\/\/larptheque.larp.fr\/wp-content\/uploads\/2022\/03\/Nicolas-Pariser-\u00a9-Victor-Mirabel-2048x1365.jpeg 2048w\" sizes=\"auto, (max-width: 1024px) 100vw, 1024px\" \/><div class=\"wp-block-cover__inner-container is-layout-flow wp-block-cover-is-layout-flow\">\n<div style=\"height:256px\" aria-hidden=\"true\" class=\"wp-block-spacer\"><\/div>\n\n\n\n<p class=\"has-text-align-center has-large-font-size\"><strong>Nicolas Pariser,<\/strong> <br>R\u00e9alisateur et sc\u00e9nariste<\/p>\n<\/div><\/div>\n\n\n\n<p class=\"has-small-font-size\">\u00a9 Victor Mirabel<\/p>\n\n\n\n<p><em>Nicolas Pariser r\u00e9alise en 2008 son premier court m\u00e9trage,&nbsp;<strong>Le jour o\u00f9 S\u00e9gol\u00e8ne<\/strong> a gagn\u00e9. L\u2019ann\u00e9e suivante, il signe le moyen m\u00e9trage politique&nbsp;<strong>La R\u00e9publique<\/strong>&nbsp;qui obtient le prix Jean-Vigo 2010. En 2013, son court m\u00e9trage&nbsp;<strong>Agit Pop<\/strong>, com\u00e9die burlesque sur les derni\u00e8res heures d\u2019un mensuel culturel, est s\u00e9lectionn\u00e9 \u00e0 la Semaine de la Critique.<br><br>S\u00e9lectionn\u00e9 au Festival de Locarno en 2015, son premier long m\u00e9trage&nbsp;<strong>Le Grand Jeu<\/strong>&nbsp;re\u00e7oit le prix Louis-Delluc. En 2019, son deuxi\u00e8me film&nbsp;<strong>Alice et le Maire<\/strong>&nbsp;avec Ana\u00efs Demoustier (C\u00e9sar de la meilleure actrice) et Fabrice Luchini est s\u00e9lectionn\u00e9 \u00e0 la Quinzaine des R\u00e9alisateurs. Il rejoint en 2020 les r\u00e9alisateurs de la s\u00e9rie phare d\u2019ARTE&nbsp;<strong>En th\u00e9rapie<\/strong>. Son prochain long m\u00e9trage,&nbsp;<strong>Le Parfum vert<\/strong>, sortira \u00e0 l\u2019automne.<\/em><\/p>\n\n\n\n<p>Conversation anim\u00e9e par <strong>Pierre Jolivet<\/strong> :<\/p>\n\n\n\n<div class=\"wp-block-cover aligncenter is-light\"><span aria-hidden=\"true\" class=\"wp-block-cover__gradient-background has-background-dim\"><\/span><img loading=\"lazy\" decoding=\"async\" width=\"768\" height=\"1024\" class=\"wp-block-cover__image-background wp-image-1022\" alt=\"\" src=\"https:\/\/larptheque.larp.fr\/wp-content\/uploads\/2022\/03\/Pierre-JOLIVET-768x1024.jpg\" data-object-fit=\"cover\" srcset=\"https:\/\/larptheque.larp.fr\/wp-content\/uploads\/2022\/03\/Pierre-JOLIVET-768x1024.jpg 768w, https:\/\/larptheque.larp.fr\/wp-content\/uploads\/2022\/03\/Pierre-JOLIVET-225x300.jpg 225w, https:\/\/larptheque.larp.fr\/wp-content\/uploads\/2022\/03\/Pierre-JOLIVET-1152x1536.jpg 1152w, https:\/\/larptheque.larp.fr\/wp-content\/uploads\/2022\/03\/Pierre-JOLIVET-rotated.jpg 1512w\" sizes=\"auto, (max-width: 768px) 100vw, 768px\" \/><div class=\"wp-block-cover__inner-container is-layout-flow wp-block-cover-is-layout-flow\">\n<div style=\"height:284px\" aria-hidden=\"true\" class=\"wp-block-spacer\"><\/div>\n\n\n\n<p class=\"has-text-align-center has-white-color has-text-color has-large-font-size\"><strong>Pierre Jolivet<\/strong>,<br>Cin\u00e9aste, Co-Pr\u00e9sident de L\u2019ARP<\/p>\n<\/div><\/div>\n\n\n\n<div style=\"height:25px\" aria-hidden=\"true\" class=\"wp-block-spacer\"><\/div>\n\n\n\n<p><em>Pierre Jolivet est le Co-Pr\u00e9sident de L\u2019ARP. Apr\u00e8s une carri\u00e8re de sketchman avec son fr\u00e8re Marc, en 1983, Pierre Jolivet co-sc\u00e9narise, co-produit et joue dans&nbsp;<strong>Le Dernier Combat<\/strong>, premier long-m\u00e9trage de Luc Besson. Les deux hommes retravailleront ensemble sur <strong>Subway<\/strong> en 1985, ann\u00e9e de la sortie du premier film de Pierre Jolivet comme r\u00e9alisateur,&nbsp;<strong>Strictement personnel<\/strong>, thriller nomm\u00e9 au C\u00e9sar de la Meilleure premi\u00e8re oeuvre. Il r\u00e9alisera par la suite notamment&nbsp;<strong>Le Complexe du Kangourou&nbsp;<\/strong>(1986),&nbsp;<strong>Force majeure<\/strong>&nbsp;(1988),&nbsp;<strong>Ma Petite Entreprise<\/strong>&nbsp;(1999),&nbsp;<strong>Je crois que je l\u2019aime<\/strong>&nbsp;(2008),&nbsp;<strong>Jamais de la vie<\/strong>&nbsp;(2015),&nbsp;<strong>Les Hommes du Feu<\/strong>&nbsp;(2017) et r\u00e9cemment&nbsp;<strong>Victor et C\u00e9lia<\/strong>&nbsp;(2019).<\/em><\/p>\n","protected":false},"excerpt":{"rendered":"<p>Rencontre exclusive, entre Fran\u00e7ois Hollande &#8211; ancien Pr\u00e9sident de la R\u00e9publique &#8211; et Nicolas Pariser &#8211; cin\u00e9aste dont l&rsquo;\u0153uvre est intimement li\u00e9e \u00e0 la chose politique (Alice et le Maire, Le Grand Jeu). En Replay : Avec : \u00a9 Benoit Granier Fran\u00e7ois Hollande a \u00e9t\u00e9 Pr\u00e9sident de la R\u00e9publique Fran\u00e7aise de mai 2012 \u00e0 mai &hellip; <a href=\"https:\/\/larptheque.larp.fr\/index.php\/2022\/03\/14\/19h-conversation-entre-francois-hollande-et-nicolas-pariser\/\" class=\"more-link\">Continuer la lecture de <span class=\"screen-reader-text\">19h : CONVERSATION entre FRANCOIS HOLLANDE ET NICOLAS PARISER<\/span>  <span class=\"meta-nav\">&rarr;<\/span><\/a><\/p>\n","protected":false},"author":1,"featured_media":0,"comment_status":"open","ping_status":"open","sticky":false,"template":"","format":"standard","meta":{"footnotes":""},"categories":[23],"tags":[],"class_list":["post-893","post","type-post","status-publish","format-standard","hentry","category-la-journee-de-la-creation-2022"],"_links":{"self":[{"href":"https:\/\/larptheque.larp.fr\/index.php\/wp-json\/wp\/v2\/posts\/893","targetHints":{"allow":["GET"]}}],"collection":[{"href":"https:\/\/larptheque.larp.fr\/index.php\/wp-json\/wp\/v2\/posts"}],"about":[{"href":"https:\/\/larptheque.larp.fr\/index.php\/wp-json\/wp\/v2\/types\/post"}],"author":[{"embeddable":true,"href":"https:\/\/larptheque.larp.fr\/index.php\/wp-json\/wp\/v2\/users\/1"}],"replies":[{"embeddable":true,"href":"https:\/\/larptheque.larp.fr\/index.php\/wp-json\/wp\/v2\/comments?post=893"}],"version-history":[{"count":15,"href":"https:\/\/larptheque.larp.fr\/index.php\/wp-json\/wp\/v2\/posts\/893\/revisions"}],"predecessor-version":[{"id":1184,"href":"https:\/\/larptheque.larp.fr\/index.php\/wp-json\/wp\/v2\/posts\/893\/revisions\/1184"}],"wp:attachment":[{"href":"https:\/\/larptheque.larp.fr\/index.php\/wp-json\/wp\/v2\/media?parent=893"}],"wp:term":[{"taxonomy":"category","embeddable":true,"href":"https:\/\/larptheque.larp.fr\/index.php\/wp-json\/wp\/v2\/categories?post=893"},{"taxonomy":"post_tag","embeddable":true,"href":"https:\/\/larptheque.larp.fr\/index.php\/wp-json\/wp\/v2\/tags?post=893"}],"curies":[{"name":"wp","href":"https:\/\/api.w.org\/{rel}","templated":true}]}}