{"id":888,"date":"2022-03-14T11:06:38","date_gmt":"2022-03-14T11:06:38","guid":{"rendered":"https:\/\/larptheque.larp.fr\/?p=888"},"modified":"2022-04-28T12:38:41","modified_gmt":"2022-04-28T12:38:41","slug":"17h-lexercice-de-letat-masterclass-de-pierre-schoeller","status":"publish","type":"post","link":"https:\/\/larptheque.larp.fr\/index.php\/2022\/03\/14\/17h-lexercice-de-letat-masterclass-de-pierre-schoeller\/","title":{"rendered":"17h : MASTERCLASS de PIERRE SCHOELLER"},"content":{"rendered":"\n<p>M\u00eame si les th\u00e9matiques soci\u00e9tales et politiques sont pr\u00e9sentes dans ses films, Pierre Schoeller ne s\u2019est jamais d\u00e9fini comme un cin\u00e9aste \u00ab engag\u00e9 \u00bb, tentant plut\u00f4t de maintenir une ligne de lucidit\u00e9, de courage et de libert\u00e9, valeurs qui, selon lui, peuvent tout \u00e0 fait coexister.<\/p>\n\n\n\n<p>A travers la projection d\u2019extraits de ses films, cette discussion questionnera le lien entre politique et cin\u00e9ma, et interrogera la mani\u00e8re dont forme et \u00e9criture peuvent souligner un regard et sonder la soci\u00e9t\u00e9 contemporaine, que ce soit par le prisme de la fiction (<em>Versailles, Un peuple et son roi, L\u2019Exercice de l\u2019\u00c9tat<\/em>) ou du documentaire (<em>Le Temps perdu<\/em>).<\/p>\n\n\n\n<p><strong>En Replay :<\/strong> <\/p>\n\n\n\n<figure class=\"wp-block-embed is-type-video is-provider-youtube wp-block-embed-youtube wp-embed-aspect-16-9 wp-has-aspect-ratio\"><div class=\"wp-block-embed__wrapper\">\n<iframe loading=\"lazy\" title=\"Journ\u00e9e de la cr\u00e9ation 2022 - Masterclass de Pierre Schoeller\" width=\"474\" height=\"267\" src=\"https:\/\/www.youtube.com\/embed\/jBe82cRF818?feature=oembed\" frameborder=\"0\" allow=\"accelerometer; autoplay; clipboard-write; encrypted-media; gyroscope; picture-in-picture; web-share\" referrerpolicy=\"strict-origin-when-cross-origin\" allowfullscreen><\/iframe>\n<\/div><\/figure>\n\n\n\n<p><strong>Avec :<\/strong><\/p>\n\n\n\n<div class=\"wp-block-cover aligncenter is-light\"><span aria-hidden=\"true\" class=\"wp-block-cover__gradient-background has-background-dim\"><\/span><img loading=\"lazy\" decoding=\"async\" width=\"600\" height=\"899\" class=\"wp-block-cover__image-background wp-image-889\" alt=\"\" src=\"https:\/\/larptheque.larp.fr\/wp-content\/uploads\/2022\/03\/Pierre-Scholler.jpg\" style=\"object-position:53% 0%\" data-object-fit=\"cover\" data-object-position=\"53% 0%\" srcset=\"https:\/\/larptheque.larp.fr\/wp-content\/uploads\/2022\/03\/Pierre-Scholler.jpg 600w, https:\/\/larptheque.larp.fr\/wp-content\/uploads\/2022\/03\/Pierre-Scholler-200x300.jpg 200w\" sizes=\"auto, (max-width: 600px) 100vw, 600px\" \/><div class=\"wp-block-cover__inner-container is-layout-flow wp-block-cover-is-layout-flow\">\n<p><\/p>\n\n\n\n<p><\/p>\n\n\n\n<p><\/p>\n\n\n\n<p><\/p>\n\n\n\n<p><\/p>\n\n\n\n<p><\/p>\n\n\n\n<p class=\"has-text-align-center has-white-color has-text-color has-large-font-size\"><br><br><br><br><br><strong>Pierre Schoeller<\/strong>,<br>R\u00e9alisateur et sc\u00e9nariste<\/p>\n<\/div><\/div>\n\n\n\n<div style=\"height:25px\" aria-hidden=\"true\" class=\"wp-block-spacer\"><\/div>\n\n\n\n<p><em>Pierre Schoeller est dipl\u00f4m\u00e9 de l\u2019Ecole Louis Lumi\u00e8re. Apr\u00e8s des ann\u00e9es de travail comme sc\u00e9nariste, il r\u00e9aliste sa premi\u00e8re fiction pour Arte <strong>Zero D\u00e9faut<\/strong>. Puis un premier long m\u00e9trage <strong>Versailles<\/strong>, avec Guillaume Depardieu et Judith Chemla. Suit <strong>L\u2019Exercice de l\u2019\u00c9tat<\/strong> avec Olivier Gourmet et Michel Blanc. <strong>Les Anonymes<\/strong> fiction Canal Plus. Il consacre de longues ann\u00e9es \u00e0 un film sur la R\u00e9volution fran\u00e7aise <strong>Un Peuple et son Roi<\/strong>. Son prochain prochain pour le cin\u00e9ma sera <strong>Rembrandt<\/strong>.<\/em><\/p>\n\n\n\n<p>Masterclass anim\u00e9e par <strong>L\u00e9olo Victor-Pujebet<\/strong> :<\/p>\n\n\n\n<div class=\"wp-block-cover aligncenter is-light\"><span aria-hidden=\"true\" class=\"wp-block-cover__gradient-background has-background-dim\"><\/span><img loading=\"lazy\" decoding=\"async\" width=\"768\" height=\"1024\" class=\"wp-block-cover__image-background wp-image-1001\" alt=\"\" src=\"https:\/\/larptheque.larp.fr\/wp-content\/uploads\/2022\/03\/Leolo-VICTOR-PUJEBET-768x1024.jpg\" data-object-fit=\"cover\" srcset=\"https:\/\/larptheque.larp.fr\/wp-content\/uploads\/2022\/03\/Leolo-VICTOR-PUJEBET-768x1024.jpg 768w, https:\/\/larptheque.larp.fr\/wp-content\/uploads\/2022\/03\/Leolo-VICTOR-PUJEBET-225x300.jpg 225w, https:\/\/larptheque.larp.fr\/wp-content\/uploads\/2022\/03\/Leolo-VICTOR-PUJEBET-1152x1536.jpg 1152w, https:\/\/larptheque.larp.fr\/wp-content\/uploads\/2022\/03\/Leolo-VICTOR-PUJEBET-1536x2048.jpg 1536w, https:\/\/larptheque.larp.fr\/wp-content\/uploads\/2022\/03\/Leolo-VICTOR-PUJEBET.jpg 1698w\" sizes=\"auto, (max-width: 768px) 100vw, 768px\" \/><div class=\"wp-block-cover__inner-container is-layout-flow wp-block-cover-is-layout-flow\">\n<p><\/p>\n\n\n\n<div style=\"height:221px\" aria-hidden=\"true\" class=\"wp-block-spacer\"><\/div>\n\n\n\n<p class=\"has-text-align-center has-white-color has-text-color has-large-font-size\"><strong>L\u00e9olo Victore-Pujebet<\/strong>,<br>Fondateur de Horschamp<\/p>\n<\/div><\/div>\n\n\n\n<div style=\"height:25px\" aria-hidden=\"true\" class=\"wp-block-spacer\"><\/div>\n\n\n\n<p><em>L\u00e9olo est le fondateur et directeur artistique de l\u2019association HORSCHAMP, fond\u00e9e en 2015 et parrain\u00e9e par Thierry Fr\u00e9maux. Il a interview\u00e9 et re\u00e7u en master-classe pr\u00e8s d\u2019une centaine de cin\u00e9astes et artistes parmi lesquels figurent Fanny Ardant, Arnaud Desplechin, Matthias Schoenaerts, Raymond Depardon, Nathalie Baye, Gaspar No\u00e9, Harmony Korine, Wang Bing, Jacques Audiard ou encore Gaspard Ulliel<\/em>.<\/p>\n\n\n\n<p><em>En parall\u00e8le de son travail de r\u00e9alisateur, il a \u00e9t\u00e9 le scripte, puis l\u2019assistant et le directeur de casting de Christophe Honor\u00e9 ainsi que photographe plateau sur les films de Samuel Benchetrit et Fabienne Berthaud. Il r\u00e9alise en 2021 son premier long-m\u00e9trage actuellement en montage, avec au casting Mathieu Morel, Denis Lavant, Bertrand Bonello, Mathieu Carri\u00e8re et \u00c9ric G\u00e9nov\u00e8se de la com\u00e9die fran\u00e7aise. Il est actuellement curateur \u00e0 l\u2019occasion des 75 ans de l\u2019agence Magnum Photos, pour laquelle il constitue une programmation autour des films de photographes.<\/em><\/p>\n\n\n\n<p><strong>En partenariat avec : <\/strong><\/p>\n\n\n\n<div class=\"wp-block-image\"><figure class=\"aligncenter size-medium\"><img loading=\"lazy\" decoding=\"async\" width=\"300\" height=\"42\" src=\"https:\/\/larptheque.larp.fr\/wp-content\/uploads\/2022\/03\/logo-horschamp-noir-300x42.png\" alt=\"\" class=\"wp-image-935\" srcset=\"https:\/\/larptheque.larp.fr\/wp-content\/uploads\/2022\/03\/logo-horschamp-noir-300x42.png 300w, https:\/\/larptheque.larp.fr\/wp-content\/uploads\/2022\/03\/logo-horschamp-noir-1024x142.png 1024w, https:\/\/larptheque.larp.fr\/wp-content\/uploads\/2022\/03\/logo-horschamp-noir-768x107.png 768w, https:\/\/larptheque.larp.fr\/wp-content\/uploads\/2022\/03\/logo-horschamp-noir-1536x213.png 1536w, https:\/\/larptheque.larp.fr\/wp-content\/uploads\/2022\/03\/logo-horschamp-noir-2048x284.png 2048w\" sizes=\"auto, (max-width: 300px) 100vw, 300px\" \/><\/figure><\/div>\n","protected":false},"excerpt":{"rendered":"<p>M\u00eame si les th\u00e9matiques soci\u00e9tales et politiques sont pr\u00e9sentes dans ses films, Pierre Schoeller ne s\u2019est jamais d\u00e9fini comme un cin\u00e9aste \u00ab engag\u00e9 \u00bb, tentant plut\u00f4t de maintenir une ligne de lucidit\u00e9, de courage et de libert\u00e9, valeurs qui, selon lui, peuvent tout \u00e0 fait coexister. A travers la projection d\u2019extraits de ses films, cette &hellip; <a href=\"https:\/\/larptheque.larp.fr\/index.php\/2022\/03\/14\/17h-lexercice-de-letat-masterclass-de-pierre-schoeller\/\" class=\"more-link\">Continuer la lecture de <span class=\"screen-reader-text\">17h : MASTERCLASS de PIERRE SCHOELLER<\/span>  <span class=\"meta-nav\">&rarr;<\/span><\/a><\/p>\n","protected":false},"author":1,"featured_media":0,"comment_status":"open","ping_status":"open","sticky":false,"template":"","format":"standard","meta":{"footnotes":""},"categories":[23],"tags":[],"class_list":["post-888","post","type-post","status-publish","format-standard","hentry","category-la-journee-de-la-creation-2022"],"_links":{"self":[{"href":"https:\/\/larptheque.larp.fr\/index.php\/wp-json\/wp\/v2\/posts\/888","targetHints":{"allow":["GET"]}}],"collection":[{"href":"https:\/\/larptheque.larp.fr\/index.php\/wp-json\/wp\/v2\/posts"}],"about":[{"href":"https:\/\/larptheque.larp.fr\/index.php\/wp-json\/wp\/v2\/types\/post"}],"author":[{"embeddable":true,"href":"https:\/\/larptheque.larp.fr\/index.php\/wp-json\/wp\/v2\/users\/1"}],"replies":[{"embeddable":true,"href":"https:\/\/larptheque.larp.fr\/index.php\/wp-json\/wp\/v2\/comments?post=888"}],"version-history":[{"count":20,"href":"https:\/\/larptheque.larp.fr\/index.php\/wp-json\/wp\/v2\/posts\/888\/revisions"}],"predecessor-version":[{"id":1189,"href":"https:\/\/larptheque.larp.fr\/index.php\/wp-json\/wp\/v2\/posts\/888\/revisions\/1189"}],"wp:attachment":[{"href":"https:\/\/larptheque.larp.fr\/index.php\/wp-json\/wp\/v2\/media?parent=888"}],"wp:term":[{"taxonomy":"category","embeddable":true,"href":"https:\/\/larptheque.larp.fr\/index.php\/wp-json\/wp\/v2\/categories?post=888"},{"taxonomy":"post_tag","embeddable":true,"href":"https:\/\/larptheque.larp.fr\/index.php\/wp-json\/wp\/v2\/tags?post=888"}],"curies":[{"name":"wp","href":"https:\/\/api.w.org\/{rel}","templated":true}]}}