{"id":883,"date":"2022-03-14T11:01:20","date_gmt":"2022-03-14T11:01:20","guid":{"rendered":"https:\/\/larptheque.larp.fr\/?p=883"},"modified":"2022-04-28T12:37:54","modified_gmt":"2022-04-28T12:37:54","slug":"14h-table-ronde-filmer-le-pouvoir-politique-et-sa-conquete","status":"publish","type":"post","link":"https:\/\/larptheque.larp.fr\/index.php\/2022\/03\/14\/14h-table-ronde-filmer-le-pouvoir-politique-et-sa-conquete\/","title":{"rendered":"14h : FILMER LE POUVOIR POLITIQUE ET SA CONQUETE"},"content":{"rendered":"\n<p>De plus en plus pr\u00e9sent sur les \u00e9crans, le pouvoir politique est une source intarissable d&rsquo;inspiration pour les cr\u00e9ateurs, et la fascination du public pour les coulisses du politique et les myst\u00e8res de l\u2019Etat ne cesse de croitre. Comment et pourquoi raconter en images la politique et les politiques, la conqu\u00eate et l\u2019exercice du pouvoir ? Un film sur le politique est-il militant ? Quel format pr\u00e9f\u00e9rer (documentaire, fiction, s\u00e9rie) ? Quelle tonalit\u00e9 choisir ? Quelle complicit\u00e9 et quelle distance adopter avec son sujet ? Quelles sont les difficult\u00e9s et les enjeux \u00e0 repr\u00e9senter le monde politique ?<\/p>\n\n\n\n<p><strong>En Replay : <\/strong><\/p>\n\n\n\n<figure class=\"wp-block-embed is-type-video is-provider-youtube wp-block-embed-youtube wp-embed-aspect-16-9 wp-has-aspect-ratio\"><div class=\"wp-block-embed__wrapper\">\n<iframe loading=\"lazy\" title=\"Journ\u00e9e de la cr\u00e9ation 2022 - Filmer le pouvoir politique et sa conqu\u00eate.\" width=\"474\" height=\"267\" src=\"https:\/\/www.youtube.com\/embed\/mxRADS3qI5w?feature=oembed\" frameborder=\"0\" allow=\"accelerometer; autoplay; clipboard-write; encrypted-media; gyroscope; picture-in-picture; web-share\" referrerpolicy=\"strict-origin-when-cross-origin\" allowfullscreen><\/iframe>\n<\/div><\/figure>\n\n\n\n<p><strong>Avec : <\/strong><\/p>\n\n\n\n<div class=\"wp-block-cover aligncenter is-light\"><span aria-hidden=\"true\" class=\"wp-block-cover__gradient-background has-background-dim\"><\/span><img loading=\"lazy\" decoding=\"async\" width=\"1024\" height=\"718\" class=\"wp-block-cover__image-background wp-image-984\" alt=\"\" src=\"https:\/\/larptheque.larp.fr\/wp-content\/uploads\/2022\/03\/Rebecca-ZLOTOWSKI-\u00a9-Oumeya-El-Adie-1024x718.jpg\" style=\"object-position:19% 47%\" data-object-fit=\"cover\" data-object-position=\"19% 47%\" srcset=\"https:\/\/larptheque.larp.fr\/wp-content\/uploads\/2022\/03\/Rebecca-ZLOTOWSKI-\u00a9-Oumeya-El-Adie-1024x718.jpg 1024w, https:\/\/larptheque.larp.fr\/wp-content\/uploads\/2022\/03\/Rebecca-ZLOTOWSKI-\u00a9-Oumeya-El-Adie-300x210.jpg 300w, https:\/\/larptheque.larp.fr\/wp-content\/uploads\/2022\/03\/Rebecca-ZLOTOWSKI-\u00a9-Oumeya-El-Adie-768x538.jpg 768w, https:\/\/larptheque.larp.fr\/wp-content\/uploads\/2022\/03\/Rebecca-ZLOTOWSKI-\u00a9-Oumeya-El-Adie-1536x1077.jpg 1536w, https:\/\/larptheque.larp.fr\/wp-content\/uploads\/2022\/03\/Rebecca-ZLOTOWSKI-\u00a9-Oumeya-El-Adie-2048x1436.jpg 2048w\" sizes=\"auto, (max-width: 1024px) 100vw, 1024px\" \/><div class=\"wp-block-cover__inner-container is-layout-flow wp-block-cover-is-layout-flow\">\n<p><\/p>\n\n\n\n<p><\/p>\n\n\n\n<p><\/p>\n\n\n\n<p><\/p>\n\n\n\n<div style=\"height:214px\" aria-hidden=\"true\" class=\"wp-block-spacer\"><\/div>\n\n\n\n<p><\/p>\n\n\n\n<p><\/p>\n\n\n\n<p class=\"has-text-align-center has-white-color has-text-color has-large-font-size\"><strong>Rebecca Zlotowski<\/strong>,<br>R\u00e9alisatrice, Sc\u00e9nariste<\/p>\n<\/div><\/div>\n\n\n\n<p class=\"has-small-font-size\">\u00a9 Oumeya El Adie<\/p>\n\n\n\n<p><em>Rebecca Zlotowski est une sc\u00e9nariste et r\u00e9alisatrice fran\u00e7aise n\u00e9e en 1980 \u00e0 Paris. Dipl\u00f4m\u00e9e de l\u2019Ecole Normale Sup\u00e9rieure et de la F\u00e9mis, agr\u00e9g\u00e9e de Lettres modernes, elle r\u00e9alise&nbsp;<strong>Belle Epine<\/strong>&nbsp;(Semaine de la critique \u00e0 Cannes, prix Delluc du premier film, prix du syndicat de la critique),&nbsp;<strong>Grand Central&nbsp;<\/strong>(en s\u00e9lection officielle \u00e0 Cannes),&nbsp;<strong>Plan\u00e9tarium<\/strong>, avec Natalie Portman, pr\u00e9sent\u00e9 \u00e0 la Mostra de Venise, et<strong>&nbsp;Une fille Facile<\/strong>&nbsp;(prix SACD \u00e0 la quinzaine des r\u00e9alisateurs \u00e0 Cannes). &nbsp;Sa mini-s\u00e9rie,&nbsp;<strong>Les Sauvages<\/strong>, adapt\u00e9e du roman de Sabri Louatah et diffus\u00e9e sur Canal Plus, obtient le prix de la meilleure s\u00e9rie au syndicat de la critique.&nbsp;Elle vit et travaille \u00e0 Paris.<br><strong>Les enfants des autres<\/strong>, son cinqui\u00e8me long m\u00e9trage, est en post Production.<\/em><\/p>\n\n\n\n<div class=\"wp-block-cover aligncenter is-light\"><span aria-hidden=\"true\" class=\"wp-block-cover__gradient-background has-background-dim\"><\/span><img loading=\"lazy\" decoding=\"async\" width=\"682\" height=\"1024\" class=\"wp-block-cover__image-background wp-image-1032\" alt=\"\" src=\"https:\/\/larptheque.larp.fr\/wp-content\/uploads\/2022\/03\/Thomas-KRUITHOF-\u00a9-Jerome-Prebois-682x1024.jpg\" data-object-fit=\"cover\" srcset=\"https:\/\/larptheque.larp.fr\/wp-content\/uploads\/2022\/03\/Thomas-KRUITHOF-\u00a9-Jerome-Prebois-682x1024.jpg 682w, https:\/\/larptheque.larp.fr\/wp-content\/uploads\/2022\/03\/Thomas-KRUITHOF-\u00a9-Jerome-Prebois-200x300.jpg 200w, https:\/\/larptheque.larp.fr\/wp-content\/uploads\/2022\/03\/Thomas-KRUITHOF-\u00a9-Jerome-Prebois-768x1152.jpg 768w, https:\/\/larptheque.larp.fr\/wp-content\/uploads\/2022\/03\/Thomas-KRUITHOF-\u00a9-Jerome-Prebois.jpg 945w\" sizes=\"auto, (max-width: 682px) 100vw, 682px\" \/><div class=\"wp-block-cover__inner-container is-layout-flow wp-block-cover-is-layout-flow\">\n<p><\/p>\n\n\n\n<p><\/p>\n\n\n\n<p><\/p>\n\n\n\n<p><\/p>\n\n\n\n<div style=\"height:193px\" aria-hidden=\"true\" class=\"wp-block-spacer\"><\/div>\n\n\n\n<p><\/p>\n\n\n\n<p class=\"has-text-align-center has-white-color has-text-color has-large-font-size\"><strong>Thomas Kruithof<\/strong>,<br>R\u00e9alisateur, Sc\u00e9nariste<\/p>\n<\/div><\/div>\n\n\n\n<p class=\"has-small-font-size\">\u00a9 J\u00e9r\u00f4me Pr\u00e9bois<\/p>\n\n\n\n<p><em>Thomas Kruithof est le r\u00e9alisateur du film <strong>Les Promesses<\/strong>, sorti en janvier 2022, thriller politique mettant en sc\u00e8ne Isabelle Huppert et Reda Kateb, dans les r\u00f4les d\u2019une maire de banlieue et son directeur de cabinet<\/em>.<br><em>Il avait r\u00e9alis\u00e9 en 2017 <strong>La M\u00e9canique de l\u2019ombre<\/strong>, son premier long-m\u00e9trage, un film d\u2019espionnage avec Fran\u00e7ois Cluzet, Denis Podalydes et Sami Bouajila.<\/em><\/p>\n\n\n\n<div class=\"wp-block-cover is-light\"><span aria-hidden=\"true\" class=\"wp-block-cover__gradient-background has-background-dim\"><\/span><img loading=\"lazy\" decoding=\"async\" width=\"431\" height=\"662\" class=\"wp-block-cover__image-background wp-image-1041\" alt=\"\" src=\"https:\/\/larptheque.larp.fr\/wp-content\/uploads\/2022\/03\/Capture-4.png\" style=\"object-position:52% 35%\" data-object-fit=\"cover\" data-object-position=\"52% 35%\" srcset=\"https:\/\/larptheque.larp.fr\/wp-content\/uploads\/2022\/03\/Capture-4.png 431w, https:\/\/larptheque.larp.fr\/wp-content\/uploads\/2022\/03\/Capture-4-195x300.png 195w\" sizes=\"auto, (max-width: 431px) 100vw, 431px\" \/><div class=\"wp-block-cover__inner-container is-layout-flow wp-block-cover-is-layout-flow\">\n<p><\/p>\n\n\n\n<div style=\"height:257px\" aria-hidden=\"true\" class=\"wp-block-spacer\"><\/div>\n\n\n\n<p class=\"has-text-align-center has-white-color has-text-color has-large-font-size\"><strong>Eric Benzekri<\/strong>,<br>Sc\u00e9nariste<\/p>\n<\/div><\/div>\n\n\n\n<p class=\"has-small-font-size\">\u00a9 Jean-Claude Lother<\/p>\n\n\n\n<p><em>Longtemps militant associatif et syndical puis conseiller et plume politique, Eric Benzekri devient sc\u00e9nariste \u00e0 partir de 2007 en participant \u00e0 l\u2019\u00e9criture de plusieurs s\u00e9ries pour Canal + (<strong>Maison Close, Lascars<\/strong>) ainsi qu\u2019\u00e0 celle du film <strong>16 ans ou presque<\/strong>. En 2016, il co-cr\u00e9e et co-showrunne <strong>Baron Noir<\/strong> (3 saisons de 8&#215;52\u2019). Il travaille sur une nouvelle s\u00e9rie actuellement en d\u00e9veloppement.<\/em><\/p>\n\n\n\n<div class=\"wp-block-cover aligncenter\"><span aria-hidden=\"true\" class=\"wp-block-cover__gradient-background has-background-dim\"><\/span><img loading=\"lazy\" decoding=\"async\" width=\"710\" height=\"1024\" class=\"wp-block-cover__image-background wp-image-1026\" alt=\"\" src=\"https:\/\/larptheque.larp.fr\/wp-content\/uploads\/2022\/03\/Mathieu-SAPIN-\u00a9-Dargaud-Rita-Scaglia-min-710x1024.jpg\" style=\"object-position:45% 46%\" data-object-fit=\"cover\" data-object-position=\"45% 46%\" srcset=\"https:\/\/larptheque.larp.fr\/wp-content\/uploads\/2022\/03\/Mathieu-SAPIN-\u00a9-Dargaud-Rita-Scaglia-min-710x1024.jpg 710w, https:\/\/larptheque.larp.fr\/wp-content\/uploads\/2022\/03\/Mathieu-SAPIN-\u00a9-Dargaud-Rita-Scaglia-min-208x300.jpg 208w, https:\/\/larptheque.larp.fr\/wp-content\/uploads\/2022\/03\/Mathieu-SAPIN-\u00a9-Dargaud-Rita-Scaglia-min-768x1108.jpg 768w, https:\/\/larptheque.larp.fr\/wp-content\/uploads\/2022\/03\/Mathieu-SAPIN-\u00a9-Dargaud-Rita-Scaglia-min-1064x1536.jpg 1064w, https:\/\/larptheque.larp.fr\/wp-content\/uploads\/2022\/03\/Mathieu-SAPIN-\u00a9-Dargaud-Rita-Scaglia-min-1419x2048.jpg 1419w, https:\/\/larptheque.larp.fr\/wp-content\/uploads\/2022\/03\/Mathieu-SAPIN-\u00a9-Dargaud-Rita-Scaglia-min-scaled.jpg 1774w\" sizes=\"auto, (max-width: 710px) 100vw, 710px\" \/><div class=\"wp-block-cover__inner-container is-layout-flow wp-block-cover-is-layout-flow\">\n<div style=\"height:271px\" aria-hidden=\"true\" class=\"wp-block-spacer\"><\/div>\n\n\n\n<p class=\"has-text-align-center has-large-font-size\"><strong>Mathieu Sapin<\/strong>,<br>Auteur-dessinateur de BD, Sc\u00e9nariste, R\u00e9alisateur<\/p>\n<\/div><\/div>\n\n\n\n<p class=\"has-small-font-size\">\u00a9 Dargaud Rita Scaglia<\/p>\n\n\n\n<p><em>Ce sp\u00e9cialiste du reportage en bandes dessin\u00e9es a suivi la campagne de Fran\u00e7ois Hollande lors des pr\u00e9sidentielles de 2012<br>avec <strong>Campagne pr\u00e9sidentielle<\/strong> (Dargaud, r\u00e9\u00e9dition en 2017) puis ses premiers pas \u00e0 l&rsquo;\u00c9lys\u00e9e dans <strong>Le Ch\u00e2teau<\/strong> (Dargaud, 2015).<\/em><\/p>\n\n\n\n<div class=\"wp-block-cover is-light\"><span aria-hidden=\"true\" class=\"wp-block-cover__gradient-background has-background-dim\"><\/span><img loading=\"lazy\" decoding=\"async\" width=\"683\" height=\"1024\" class=\"wp-block-cover__image-background wp-image-1033\" alt=\"\" src=\"https:\/\/larptheque.larp.fr\/wp-content\/uploads\/2022\/03\/Anna-MOUGLALIS-\u00a9-Peverelli-683x1024.jpg\" style=\"object-position:5% 0%\" data-object-fit=\"cover\" data-object-position=\"5% 0%\" srcset=\"https:\/\/larptheque.larp.fr\/wp-content\/uploads\/2022\/03\/Anna-MOUGLALIS-\u00a9-Peverelli-683x1024.jpg 683w, https:\/\/larptheque.larp.fr\/wp-content\/uploads\/2022\/03\/Anna-MOUGLALIS-\u00a9-Peverelli-200x300.jpg 200w, https:\/\/larptheque.larp.fr\/wp-content\/uploads\/2022\/03\/Anna-MOUGLALIS-\u00a9-Peverelli.jpg 750w\" sizes=\"auto, (max-width: 683px) 100vw, 683px\" \/><div class=\"wp-block-cover__inner-container is-layout-flow wp-block-cover-is-layout-flow\">\n<div style=\"height:291px\" aria-hidden=\"true\" class=\"wp-block-spacer\"><\/div>\n\n\n\n<p class=\"has-text-align-center has-white-color has-text-color has-large-font-size\"><strong>Anna Mouglalis,<\/strong><br>Com\u00e9dienne<\/p>\n<\/div><\/div>\n\n\n\n<p class=\"has-small-font-size\">\u00a9 Peverelli<\/p>\n\n\n\n<p><em>Anna Mouglalis est actrice, dipl\u00f4m\u00e9e du Conservatoire National Sup\u00e9rieur de Paris. Elle a commenc\u00e9 au cin\u00e9ma avec Chantal Ackerman et Claude Chabrol, puis poursuivi une carri\u00e8re entre th\u00e9\u00e2tre et cin\u00e9ma d\u2019auteur en France et en Europe.<\/em><\/p>\n\n\n\n<div class=\"wp-block-cover aligncenter\"><span aria-hidden=\"true\" class=\"wp-block-cover__gradient-background has-background-dim\"><\/span><img loading=\"lazy\" decoding=\"async\" width=\"911\" height=\"1024\" class=\"wp-block-cover__image-background wp-image-1028\" alt=\"\" src=\"https:\/\/larptheque.larp.fr\/wp-content\/uploads\/2022\/03\/Yves-JEULAND-\u00a9-Ph.-Lebruman-min-911x1024.jpg\" data-object-fit=\"cover\" srcset=\"https:\/\/larptheque.larp.fr\/wp-content\/uploads\/2022\/03\/Yves-JEULAND-\u00a9-Ph.-Lebruman-min-911x1024.jpg 911w, https:\/\/larptheque.larp.fr\/wp-content\/uploads\/2022\/03\/Yves-JEULAND-\u00a9-Ph.-Lebruman-min-267x300.jpg 267w, https:\/\/larptheque.larp.fr\/wp-content\/uploads\/2022\/03\/Yves-JEULAND-\u00a9-Ph.-Lebruman-min-768x863.jpg 768w, https:\/\/larptheque.larp.fr\/wp-content\/uploads\/2022\/03\/Yves-JEULAND-\u00a9-Ph.-Lebruman-min-1367x1536.jpg 1367w, https:\/\/larptheque.larp.fr\/wp-content\/uploads\/2022\/03\/Yves-JEULAND-\u00a9-Ph.-Lebruman-min-1823x2048.jpg 1823w\" sizes=\"auto, (max-width: 911px) 100vw, 911px\" \/><div class=\"wp-block-cover__inner-container is-layout-flow wp-block-cover-is-layout-flow\">\n<div style=\"height:316px\" aria-hidden=\"true\" class=\"wp-block-spacer\"><\/div>\n\n\n\n<p class=\"has-text-align-center has-large-font-size\"><strong>Yves Jeuland<\/strong>,<br>R\u00e9alisateur, Sc\u00e9nariste<\/p>\n<\/div><\/div>\n\n\n\n<p class=\"has-small-font-size\">\u00a9 Ph. Lebruman<\/p>\n\n\n\n<p><em>Yves Jeuland est auteur et r\u00e9alisateur d\u2019une trentaine de documentaires pour la t\u00e9l\u00e9vision et le cin\u00e9ma. Alternant entre films d\u2019archives et cin\u00e9ma direct, son travail porte sur l\u2019observation de la soci\u00e9t\u00e9 fran\u00e7aise d\u2019hier et d\u2019aujourd\u2019hui, avec une pr\u00e9dilection pour les hommes politiques, la chanson et les artistes. Il a r\u00e9alis\u00e9 trois films pour le grand \u00e9cran, dont <strong>Le Pr\u00e9sident<\/strong> avec Georges Fr\u00eache (2010) et <strong>Les Gens du Monde<\/strong> (Festival de Cannes 2014). Parmi ses autres films sur le monde politique, citons <strong>Paris \u00e0 tout prix<\/strong> (2001), <strong>Un village en campagne<\/strong> (2008) et <strong>Un temps de Pr\u00e9sident<\/strong>, tourn\u00e9 \u00e0 l\u2019\u00c9lys\u00e9e en 2014-2015.<\/em><\/p>\n\n\n\n<div class=\"wp-block-cover is-light\"><span aria-hidden=\"true\" class=\"wp-block-cover__gradient-background has-background-dim\"><\/span><img loading=\"lazy\" decoding=\"async\" width=\"540\" height=\"640\" class=\"wp-block-cover__image-background wp-image-987\" alt=\"\" src=\"https:\/\/larptheque.larp.fr\/wp-content\/uploads\/2022\/03\/Fabienne-SERVAN-SCHREIBER-\u00a9-Libre-de-droit.jpg\" data-object-fit=\"cover\" srcset=\"https:\/\/larptheque.larp.fr\/wp-content\/uploads\/2022\/03\/Fabienne-SERVAN-SCHREIBER-\u00a9-Libre-de-droit.jpg 540w, https:\/\/larptheque.larp.fr\/wp-content\/uploads\/2022\/03\/Fabienne-SERVAN-SCHREIBER-\u00a9-Libre-de-droit-253x300.jpg 253w\" sizes=\"auto, (max-width: 540px) 100vw, 540px\" \/><div class=\"wp-block-cover__inner-container is-layout-flow wp-block-cover-is-layout-flow\">\n<div style=\"height:206px\" aria-hidden=\"true\" class=\"wp-block-spacer\"><\/div>\n\n\n\n<p class=\"has-text-align-center has-white-color has-text-color has-large-font-size\"><strong>Fabienne&nbsp;Servan-Schreiber,<\/strong><br>Productrice, Pr\u00e9sidente de Cin\u00e9t\u00e9v\u00e9<\/p>\n<\/div><\/div>\n\n\n\n<div style=\"height:25px\" aria-hidden=\"true\" class=\"wp-block-spacer\"><\/div>\n\n\n\n<p><em>Form\u00e9e&nbsp;aupr\u00e8s de grandes signatures de l\u2019audiovisuel (Henri de Turenne, Fr\u00e9d\u00e9ric Rossif, Vincent Malle, Claude Berri), Fabienne&nbsp;Servan Schreiber d\u00e9bute sa carri\u00e8re en tant que r\u00e9alisatrice, puis fonde en 1983<strong> Cin\u00e9t\u00e9v\u00e9<\/strong>, soci\u00e9t\u00e9 de production audiovisuelle ind\u00e9pendante, dont elle assure la Pr\u00e9sidence depuis cette date.<\/em><br><em>Au fil des ann\u00e9es, <strong>Cin\u00e9t\u00e9v\u00e9<\/strong> a produit pr\u00e8s de 1000 heures de programmes pour la t\u00e9l\u00e9vision (fictions, documentaires, animation, op\u00e9rations sp\u00e9ciales, programmes courts) et une dizaine de longs m\u00e9trages et de&nbsp;nombreux&nbsp;programmes dans&nbsp;la production num\u00e9rique. De&nbsp;multiples fois prim\u00e9e dans les festivals, <strong>Cin\u00e9t\u00e9v\u00e9<\/strong> a construit une image de professionnalisme, d\u2019exigence et de qualit\u00e9 tant sur le march\u00e9 fran\u00e7ais que sur les march\u00e9s internationaux.&nbsp;<\/em><br><em><strong>Cin\u00e9t\u00e9v\u00e9<\/strong> essaie dans ses productions de faire progresser la connaissance et de s\u2019inscrire dans le d\u00e9bat d\u2019id\u00e9es.<\/em><br><em>Fabienne a \u00e9t\u00e9 vice-pr\u00e9sidente de l\u2019Uspa, tr\u00e8s investie depuis des ann\u00e9es dans la place de la cr\u00e9ation \u00e0 la t\u00e9l\u00e9vision.&nbsp;Elle est par ailleurs engag\u00e9e \u00e0 titre personnel dans plusieurs associations<strong> For a 1 000 Lives : Be Human, Ensemble contre la r\u00e9cidive, Droit pluriel<\/strong> et elle est co-fondatrice du mouvement <strong>Fraternit\u00e9 G\u00e9n\u00e9rale<\/strong>. Elle est aussi&nbsp;commandeur&nbsp;des arts et des lettres, officier de l\u2019ordre national du m\u00e9rite et officier de la&nbsp;L\u00e9gion&nbsp;d&rsquo;honneur.<\/em><\/p>\n\n\n\n<p>Table ronde anim\u00e9e par<strong> Eug\u00e9nie Filho<\/strong> :<\/p>\n\n\n\n<div class=\"wp-block-cover aligncenter\"><span aria-hidden=\"true\" class=\"wp-block-cover__gradient-background has-background-dim\"><\/span><img loading=\"lazy\" decoding=\"async\" width=\"683\" height=\"1024\" class=\"wp-block-cover__image-background wp-image-1017\" alt=\"\" src=\"https:\/\/larptheque.larp.fr\/wp-content\/uploads\/2022\/03\/Eugenie-FILHO-\u00a9-Marc-Moquin-683x1024.jpg\" data-object-fit=\"cover\" srcset=\"https:\/\/larptheque.larp.fr\/wp-content\/uploads\/2022\/03\/Eugenie-FILHO-\u00a9-Marc-Moquin-683x1024.jpg 683w, https:\/\/larptheque.larp.fr\/wp-content\/uploads\/2022\/03\/Eugenie-FILHO-\u00a9-Marc-Moquin-200x300.jpg 200w, https:\/\/larptheque.larp.fr\/wp-content\/uploads\/2022\/03\/Eugenie-FILHO-\u00a9-Marc-Moquin-768x1152.jpg 768w, https:\/\/larptheque.larp.fr\/wp-content\/uploads\/2022\/03\/Eugenie-FILHO-\u00a9-Marc-Moquin-1024x1536.jpg 1024w, https:\/\/larptheque.larp.fr\/wp-content\/uploads\/2022\/03\/Eugenie-FILHO-\u00a9-Marc-Moquin.jpg 1232w\" sizes=\"auto, (max-width: 683px) 100vw, 683px\" \/><div class=\"wp-block-cover__inner-container is-layout-flow wp-block-cover-is-layout-flow\">\n<div style=\"height:261px\" aria-hidden=\"true\" class=\"wp-block-spacer\"><\/div>\n\n\n\n<p class=\"has-text-align-center has-large-font-size\"><strong>Eug\u00e9nie Filho,<\/strong><br>Co-fondatrice et Directrice de Revus &amp; Corrig\u00e9s<\/p>\n<\/div><\/div>\n\n\n\n<p class=\"has-small-font-size\">\u00a9 Marc Moquin<\/p>\n\n\n\n<p><em>Forte de son exp\u00e9rience en m\u00e9diation culturelle et en production \u00e9v\u00e9nementielle, Eug\u00e9nie Filho a cofond\u00e9 et dirige depuis 2018 Revus &amp; Corrig\u00e9s avec l&rsquo;envie de d\u00e9velopper la curiosit\u00e9 de nouveaux publics pour l&rsquo;histoire du cin\u00e9ma et briser les fronti\u00e8res entre la cr\u00e9ation contemporaine et les classiques. <strong>Revus &amp; Corrig\u00e9s<\/strong>, c&rsquo;est une revue trimestrielle papier, des podcasts, un site web, des \u00e9v\u00e9nements en salles pour valoriser l&rsquo;actualit\u00e9 des classiques du cin\u00e9ma, et parler de l&rsquo;actualit\u00e9 politique et culturelle \u00e0 travers le cin\u00e9ma et ses histoires.<\/em><\/p>\n\n\n\n<p><strong>En partenariat avec :<\/strong><\/p>\n\n\n\n<div class=\"wp-block-image\"><figure class=\"aligncenter size-medium\"><img loading=\"lazy\" decoding=\"async\" width=\"300\" height=\"165\" src=\"https:\/\/larptheque.larp.fr\/wp-content\/uploads\/2022\/03\/RC_LOGO_FINAL_NOIR_ROUGE-rect-300x165.png\" alt=\"\" class=\"wp-image-951\" srcset=\"https:\/\/larptheque.larp.fr\/wp-content\/uploads\/2022\/03\/RC_LOGO_FINAL_NOIR_ROUGE-rect-300x165.png 300w, https:\/\/larptheque.larp.fr\/wp-content\/uploads\/2022\/03\/RC_LOGO_FINAL_NOIR_ROUGE-rect-1024x562.png 1024w, https:\/\/larptheque.larp.fr\/wp-content\/uploads\/2022\/03\/RC_LOGO_FINAL_NOIR_ROUGE-rect-768x422.png 768w, https:\/\/larptheque.larp.fr\/wp-content\/uploads\/2022\/03\/RC_LOGO_FINAL_NOIR_ROUGE-rect-1536x843.png 1536w, https:\/\/larptheque.larp.fr\/wp-content\/uploads\/2022\/03\/RC_LOGO_FINAL_NOIR_ROUGE-rect-672x372.png 672w, https:\/\/larptheque.larp.fr\/wp-content\/uploads\/2022\/03\/RC_LOGO_FINAL_NOIR_ROUGE-rect-1038x576.png 1038w, https:\/\/larptheque.larp.fr\/wp-content\/uploads\/2022\/03\/RC_LOGO_FINAL_NOIR_ROUGE-rect.png 1787w\" sizes=\"auto, (max-width: 300px) 100vw, 300px\" \/><\/figure><\/div>\n","protected":false},"excerpt":{"rendered":"<p>De plus en plus pr\u00e9sent sur les \u00e9crans, le pouvoir politique est une source intarissable d&rsquo;inspiration pour les cr\u00e9ateurs, et la fascination du public pour les coulisses du politique et les myst\u00e8res de l\u2019Etat ne cesse de croitre. Comment et pourquoi raconter en images la politique et les politiques, la conqu\u00eate et l\u2019exercice du pouvoir &hellip; <a href=\"https:\/\/larptheque.larp.fr\/index.php\/2022\/03\/14\/14h-table-ronde-filmer-le-pouvoir-politique-et-sa-conquete\/\" class=\"more-link\">Continuer la lecture de <span class=\"screen-reader-text\">14h : FILMER LE POUVOIR POLITIQUE ET SA CONQUETE<\/span>  <span class=\"meta-nav\">&rarr;<\/span><\/a><\/p>\n","protected":false},"author":1,"featured_media":0,"comment_status":"open","ping_status":"open","sticky":false,"template":"","format":"standard","meta":{"footnotes":""},"categories":[23],"tags":[],"class_list":["post-883","post","type-post","status-publish","format-standard","hentry","category-la-journee-de-la-creation-2022"],"_links":{"self":[{"href":"https:\/\/larptheque.larp.fr\/index.php\/wp-json\/wp\/v2\/posts\/883","targetHints":{"allow":["GET"]}}],"collection":[{"href":"https:\/\/larptheque.larp.fr\/index.php\/wp-json\/wp\/v2\/posts"}],"about":[{"href":"https:\/\/larptheque.larp.fr\/index.php\/wp-json\/wp\/v2\/types\/post"}],"author":[{"embeddable":true,"href":"https:\/\/larptheque.larp.fr\/index.php\/wp-json\/wp\/v2\/users\/1"}],"replies":[{"embeddable":true,"href":"https:\/\/larptheque.larp.fr\/index.php\/wp-json\/wp\/v2\/comments?post=883"}],"version-history":[{"count":27,"href":"https:\/\/larptheque.larp.fr\/index.php\/wp-json\/wp\/v2\/posts\/883\/revisions"}],"predecessor-version":[{"id":1311,"href":"https:\/\/larptheque.larp.fr\/index.php\/wp-json\/wp\/v2\/posts\/883\/revisions\/1311"}],"wp:attachment":[{"href":"https:\/\/larptheque.larp.fr\/index.php\/wp-json\/wp\/v2\/media?parent=883"}],"wp:term":[{"taxonomy":"category","embeddable":true,"href":"https:\/\/larptheque.larp.fr\/index.php\/wp-json\/wp\/v2\/categories?post=883"},{"taxonomy":"post_tag","embeddable":true,"href":"https:\/\/larptheque.larp.fr\/index.php\/wp-json\/wp\/v2\/tags?post=883"}],"curies":[{"name":"wp","href":"https:\/\/api.w.org\/{rel}","templated":true}]}}