{"id":64,"date":"2021-04-02T08:22:46","date_gmt":"2021-04-02T08:22:46","guid":{"rendered":"https:\/\/larptheque.larp.fr\/?p=64"},"modified":"2022-04-28T10:36:44","modified_gmt":"2022-04-28T10:36:44","slug":"19h-regards-croises-entre-scenaristes","status":"publish","type":"post","link":"https:\/\/larptheque.larp.fr\/index.php\/2021\/04\/02\/19h-regards-croises-entre-scenaristes\/","title":{"rendered":"19h : Regards crois\u00e9s entre sc\u00e9naristes"},"content":{"rendered":"\n<p style=\"font-size:17px\">Trois sc\u00e9naristes aux parcours singuliers et aux filmographies de genres diff\u00e9rents partageront leur regard personnel sur le cin\u00e9ma, \u00e9changeront sur leurs m\u00e9thodes de travail, leurs sources d\u2019inspiration, les raisons de leurs choix cr\u00e9atifs, leurs questionnements, leurs d\u00e9sirs, leurs inqui\u00e9tudes, etc.<\/p>\n\n\n\n<p style=\"font-size:17px\">Une plong\u00e9e dans l\u2019univers cr\u00e9atif de sc\u00e9naristes. &nbsp;<\/p>\n\n\n\n<p><strong>En replay : <\/strong><\/p>\n\n\n\n<iframe loading=\"lazy\" width=\"560\" height=\"315\" src=\"https:\/\/www.youtube.com\/embed\/bERO4LephcM\" title=\"YouTube video player\" frameborder=\"0\" allow=\"accelerometer; autoplay; clipboard-write; encrypted-media; gyroscope; picture-in-picture\" allowfullscreen=\"\"><\/iframe>\n\n\n\n<p class=\"has-normal-font-size\"><strong>Avec : &nbsp;&nbsp;<\/strong><\/p>\n\n\n\n<div class=\"wp-block-cover is-light\"><span aria-hidden=\"true\" class=\"wp-block-cover__gradient-background has-background-dim\"><\/span><img loading=\"lazy\" decoding=\"async\" width=\"735\" height=\"1024\" class=\"wp-block-cover__image-background wp-image-67\" alt=\"\" src=\"https:\/\/larptheque.larp.fr\/wp-content\/uploads\/2021\/04\/credit-Andreas-Neumann-min-735x1024.jpg\" style=\"object-position:43% 47%\" data-object-fit=\"cover\" data-object-position=\"43% 47%\" srcset=\"https:\/\/larptheque.larp.fr\/wp-content\/uploads\/2021\/04\/credit-Andreas-Neumann-min-735x1024.jpg 735w, https:\/\/larptheque.larp.fr\/wp-content\/uploads\/2021\/04\/credit-Andreas-Neumann-min-215x300.jpg 215w, https:\/\/larptheque.larp.fr\/wp-content\/uploads\/2021\/04\/credit-Andreas-Neumann-min-768x1071.jpg 768w, https:\/\/larptheque.larp.fr\/wp-content\/uploads\/2021\/04\/credit-Andreas-Neumann-min-1102x1536.jpg 1102w, https:\/\/larptheque.larp.fr\/wp-content\/uploads\/2021\/04\/credit-Andreas-Neumann-min-1469x2048.jpg 1469w, https:\/\/larptheque.larp.fr\/wp-content\/uploads\/2021\/04\/credit-Andreas-Neumann-min-scaled.jpg 1836w\" sizes=\"auto, (max-width: 735px) 100vw, 735px\" \/><div class=\"wp-block-cover__inner-container is-layout-flow wp-block-cover-is-layout-flow\">\n<div style=\"height:232px\" aria-hidden=\"true\" class=\"wp-block-spacer\"><\/div>\n\n\n\n<p class=\"has-text-align-center has-white-color has-text-color has-large-font-size\"><strong>Fadette Drouard<\/strong>, <br>Sc\u00e9nariste<\/p>\n<\/div><\/div>\n\n\n\n<p class=\"has-small-font-size\">\u00a9 Andreas Neumann<\/p>\n\n\n\n<p><em>D\u2019abord journaliste de cin\u00e9ma, Fadette Drouard rencontre pendant 10 ans acteurs, r\u00e9alisateurs et producteurs avec le m\u00eame app\u00e9tit, court les plateaux de tournage et les festivals et fait passer sa passion aux lecteurs. Jusqu\u2019\u00e0 ce qu\u2019un jour quelqu\u2019un lui dise \u00ab mais tu ne veux pas faire du cin\u00e9ma toi? \u00bb. Et c\u2019est tout naturellement qu\u2019elle s\u2019est mise \u00e0 \u00e9crire de la fiction. Un premier sc\u00e9nario, <strong>Hibou<\/strong>, qui sera tourn\u00e9 \u00e0 la rentr\u00e9e 2015. Et \u00e0 la faveur d\u2019une rencontre, <strong>Patients<\/strong>, co-\u00e9crit avec Grand Corps Malade. Des d\u00e9buts au succ\u00e8s surprise, avec, cerise g\u00e2teau, une nomination au C\u00e9sar du Meilleur Sc\u00e9nario en 2018\u2026 Elle continue sa route : la voil\u00e0 partie dans de nombreux projets, sur de nombreux sujets et avec de nombreux tons, avec toujours la m\u00eame envie : faire du cin\u00e9ma et raconter des histoires, de la bande de Gaza en \u00e0 New York, de Chine au P\u00e9rou, en passant par l&rsquo;adaptation d&rsquo;un classique fran\u00e7ais, les images se suivent et ne se ressemblent pas, et c&rsquo;est tant mieux!<\/em><\/p>\n\n\n\n<div class=\"wp-block-cover is-light\"><span aria-hidden=\"true\" class=\"wp-block-cover__gradient-background has-background-dim\"><\/span><img loading=\"lazy\" decoding=\"async\" width=\"683\" height=\"1024\" class=\"wp-block-cover__image-background wp-image-79\" alt=\"\" src=\"https:\/\/larptheque.larp.fr\/wp-content\/uploads\/2021\/04\/credit-AL-SerieSeries-min-683x1024.jpg\" style=\"object-position:38% 26%\" data-object-fit=\"cover\" data-object-position=\"38% 26%\" srcset=\"https:\/\/larptheque.larp.fr\/wp-content\/uploads\/2021\/04\/credit-AL-SerieSeries-min-683x1024.jpg 683w, https:\/\/larptheque.larp.fr\/wp-content\/uploads\/2021\/04\/credit-AL-SerieSeries-min-200x300.jpg 200w, https:\/\/larptheque.larp.fr\/wp-content\/uploads\/2021\/04\/credit-AL-SerieSeries-min-768x1151.jpg 768w, https:\/\/larptheque.larp.fr\/wp-content\/uploads\/2021\/04\/credit-AL-SerieSeries-min-1025x1536.jpg 1025w, https:\/\/larptheque.larp.fr\/wp-content\/uploads\/2021\/04\/credit-AL-SerieSeries-min-1367x2048.jpg 1367w, https:\/\/larptheque.larp.fr\/wp-content\/uploads\/2021\/04\/credit-AL-SerieSeries-min-scaled.jpg 1709w\" sizes=\"auto, (max-width: 683px) 100vw, 683px\" \/><div class=\"wp-block-cover__inner-container is-layout-flow wp-block-cover-is-layout-flow\">\n<div style=\"height:234px\" aria-hidden=\"true\" class=\"wp-block-spacer\"><\/div>\n\n\n\n<p class=\"has-text-align-center has-white-color has-text-color has-large-font-size\"><strong>Jean-Fran\u00e7ois Halin<\/strong>,<br> Sc\u00e9nariste<\/p>\n<\/div><\/div>\n\n\n\n<p class=\"has-small-font-size\">\u00a9 AL SerieSeries<\/p>\n\n\n\n<p><em>Jean-Fran\u00e7ois Halin est sc\u00e9nariste pour la t\u00e9l\u00e9vision et le cin\u00e9ma. Il \u00e9crit \u00e9galement les one man shows de Patrick Timsit, avec Bruno Gaccio et Patrick Timsit. De 1990 \u00e0 1996, il est un des trois auteurs des <strong>Guignols de l\u2019Info<\/strong> avec Beno\u00eet Del\u00e9pine et Bruno Gaccio. De 1996 \u00e0 2008, il participe \u00e0 l\u2019\u00e9criture de l\u2019\u00e9mission <strong>Groland<\/strong>, toujours sur Canal +. Il est auteur du sc\u00e9nario et des dialogues de <strong>OSS 117 : Le Caire nid d\u2019espions <\/strong>(2006), pour lequel il est nomm\u00e9 aux C\u00e9sar 2007 dans la cat\u00e9gorie \u00ab\u00a0meilleure adaptation\u00a0\u00bb et re\u00e7oit le Prix Jacques Pr\u00e9vert de la meilleure adaptation. Il co-sc\u00e9narise le deuxi\u00e8me volet de la saga, <strong>OSS 117 : Rio ne r\u00e9pond plus<\/strong>, avec Michel Hazanavicius en 2009. Il est auteur du sc\u00e9nario et des dialogues de<strong> OSS 117 : Alerte rouge en Afrique noire<\/strong> qui sortira\u2026 un mercredi de 2021. En 2015, il cr\u00e9e et \u00e9crit, avec Claire Lemar\u00e9chal et Jean-Andr\u00e9 Yerl\u00e8s la s\u00e9rie<strong> Au service de la France<\/strong> diffus\u00e9e sur Arte. La deuxi\u00e8me saison de la s\u00e9rie re\u00e7oit le Prix du meilleur sc\u00e9nario d\u00e9cern\u00e9 par l\u2019Association des Critiques de S\u00e9rie (ACS) en 2019. En 2012, Jean-Fran\u00e7ois Halin re\u00e7oit le Prix Henri Jeanson d\u00e9cern\u00e9 par la SACD.<\/em><\/p>\n\n\n\n<div class=\"wp-block-cover is-light\"><span aria-hidden=\"true\" class=\"wp-block-cover__gradient-background has-background-dim\"><\/span><img loading=\"lazy\" decoding=\"async\" width=\"320\" height=\"213\" class=\"wp-block-cover__image-background wp-image-78\" alt=\"\" src=\"https:\/\/larptheque.larp.fr\/wp-content\/uploads\/2021\/04\/credit-Olivier-Roller-1.jpg\" data-object-fit=\"cover\" srcset=\"https:\/\/larptheque.larp.fr\/wp-content\/uploads\/2021\/04\/credit-Olivier-Roller-1.jpg 320w, https:\/\/larptheque.larp.fr\/wp-content\/uploads\/2021\/04\/credit-Olivier-Roller-1-300x200.jpg 300w\" sizes=\"auto, (max-width: 320px) 100vw, 320px\" \/><div class=\"wp-block-cover__inner-container is-layout-flow wp-block-cover-is-layout-flow\">\n<div style=\"height:219px\" aria-hidden=\"true\" class=\"wp-block-spacer\"><\/div>\n\n\n\n<p class=\"has-text-align-center has-white-color has-text-color has-large-font-size\"><strong>Agn\u00e8s de Sacy<\/strong>, <br>Sc\u00e9nariste<\/p>\n<\/div><\/div>\n\n\n\n<p class=\"has-small-font-size\">\u00a9 Olivier Roller<\/p>\n\n\n\n<p id=\"block-2176a9dc-59e6-49be-a7b7-d26876b46de5\"><em>Suite \u00e0 des \u00e9tudes de Lettres, Agn\u00e8s de Sacy a commenc\u00e9 \u00e0 \u00e9crire pour le th\u00e9\u00e2tre, avant d\u2019\u00e9tudier \u00e0 la FEMIS et d\u2019\u00e9crire r\u00e9guli\u00e8rement pour le cin\u00e9ma. Elle a collabor\u00e9 avec de nombreux r\u00e9alisateurs, tels que Pascal Bonitzer pour <strong>Cherchez Hortense<\/strong> pr\u00e9sent\u00e9 hors comp\u00e9tition au Festival de Venise en 2012, <strong>Tout de suite maintenant<\/strong> (2016) et <strong>Les Envo\u00fbt\u00e9s<\/strong> (2019), mais aussi Roschdy Zem, Michel Spinosa, Jean-Marc Moutout, les trois films de Philippe Godeau, recevant en 2010 une nomination aux C\u00e9sars (Meilleure adaptation) pour <strong>Un dernier pour la route<\/strong>. Elle a \u00e9galement \u00e9crit trois sc\u00e9narios avec Zabou Breitman : <strong>L\u2019homme de sa vie<\/strong> (2005), <strong>Je l\u2019aimais <\/strong>(2009) et <strong>No et moi <\/strong>(2011), et quatre avec Valeria Bruni-Tedeschi : <strong>Il est plus facile pour un chameau\u2026 <\/strong>(2004), <strong>Actrices <\/strong>(2007), <strong>Un Ch\u00e2teau en Italie<\/strong> (2013), pr\u00e9sent\u00e9 en comp\u00e9tition Festival de Cannes en 2013, ainsi que son dernier film <strong>Les Estivants<\/strong>, pr\u00e9sent\u00e9 hors comp\u00e9tition au Festival de Venise 2018. Enfin, elle a repris avec Carine Tardieu le sc\u00e9nario de <strong>Les Jeunes amants<\/strong>, initi\u00e9 avec Solveig Anspach, le film a \u00e9t\u00e9 tourn\u00e9 cet automne 2020.<\/em><\/p>\n","protected":false},"excerpt":{"rendered":"<p>Trois sc\u00e9naristes aux parcours singuliers et aux filmographies de genres diff\u00e9rents partageront leur regard personnel sur le cin\u00e9ma, \u00e9changeront sur leurs m\u00e9thodes de travail, leurs sources d\u2019inspiration, les raisons de leurs choix cr\u00e9atifs, leurs questionnements, leurs d\u00e9sirs, leurs inqui\u00e9tudes, etc. Une plong\u00e9e dans l\u2019univers cr\u00e9atif de sc\u00e9naristes. &nbsp; En replay : Avec : &nbsp;&nbsp; \u00a9 &hellip; <a href=\"https:\/\/larptheque.larp.fr\/index.php\/2021\/04\/02\/19h-regards-croises-entre-scenaristes\/\" class=\"more-link\">Continuer la lecture de <span class=\"screen-reader-text\">19h : Regards crois\u00e9s entre sc\u00e9naristes<\/span>  <span class=\"meta-nav\">&rarr;<\/span><\/a><\/p>\n","protected":false},"author":1,"featured_media":0,"comment_status":"closed","ping_status":"closed","sticky":false,"template":"","format":"standard","meta":{"footnotes":""},"categories":[4],"tags":[],"class_list":["post-64","post","type-post","status-publish","format-standard","hentry","category-la-journee-de-la-creation-2021"],"_links":{"self":[{"href":"https:\/\/larptheque.larp.fr\/index.php\/wp-json\/wp\/v2\/posts\/64","targetHints":{"allow":["GET"]}}],"collection":[{"href":"https:\/\/larptheque.larp.fr\/index.php\/wp-json\/wp\/v2\/posts"}],"about":[{"href":"https:\/\/larptheque.larp.fr\/index.php\/wp-json\/wp\/v2\/types\/post"}],"author":[{"embeddable":true,"href":"https:\/\/larptheque.larp.fr\/index.php\/wp-json\/wp\/v2\/users\/1"}],"replies":[{"embeddable":true,"href":"https:\/\/larptheque.larp.fr\/index.php\/wp-json\/wp\/v2\/comments?post=64"}],"version-history":[{"count":13,"href":"https:\/\/larptheque.larp.fr\/index.php\/wp-json\/wp\/v2\/posts\/64\/revisions"}],"predecessor-version":[{"id":1167,"href":"https:\/\/larptheque.larp.fr\/index.php\/wp-json\/wp\/v2\/posts\/64\/revisions\/1167"}],"wp:attachment":[{"href":"https:\/\/larptheque.larp.fr\/index.php\/wp-json\/wp\/v2\/media?parent=64"}],"wp:term":[{"taxonomy":"category","embeddable":true,"href":"https:\/\/larptheque.larp.fr\/index.php\/wp-json\/wp\/v2\/categories?post=64"},{"taxonomy":"post_tag","embeddable":true,"href":"https:\/\/larptheque.larp.fr\/index.php\/wp-json\/wp\/v2\/tags?post=64"}],"curies":[{"name":"wp","href":"https:\/\/api.w.org\/{rel}","templated":true}]}}