{"id":35,"date":"2021-04-01T10:48:07","date_gmt":"2021-04-01T10:48:07","guid":{"rendered":"https:\/\/larptheque.larp.fr\/?p=35"},"modified":"2022-04-28T12:33:28","modified_gmt":"2022-04-28T12:33:28","slug":"16h-comedie-le-code-a-change","status":"publish","type":"post","link":"https:\/\/larptheque.larp.fr\/index.php\/2021\/04\/01\/16h-comedie-le-code-a-change\/","title":{"rendered":"16h : Com\u00e9die : le code a chang\u00e9 ?"},"content":{"rendered":"\n<p style=\"font-size:17px\">Souvent consid\u00e9r\u00e9e comme populaire et longtemps rejet\u00e9e des festivals et des prix, boud\u00e9e par la critique, la com\u00e9die fran\u00e7aise est-elle enfin reconnue ?<\/p>\n\n\n\n<p style=\"font-size:17px\">Nourris d&rsquo;engagements soci\u00e9taux, d&rsquo;h\u00e9ritages d\u2019Internet ou du stand-up, les codes de la com\u00e9die fran\u00e7aise ont-ils chang\u00e9 ? Comment se d\u00e9finissent-ils ? Sont-ils d\u2019abord sc\u00e9naristiques ? Ou jouent-ils sur d\u2019autres ressorts cr\u00e9atifs : rythme, son, mise en sc\u00e8ne, direction d\u2019acteur, etc. ?<\/p>\n\n\n\n<p style=\"font-size:17px\">Qu\u2019ils soient sociaux, ou issus de l&rsquo;absurde, tous les genres de la com\u00e9die connaissent-ils ce nouveau souffle ? Quelles en sont les sources d\u2019inspiration cr\u00e9atives : stand-up, cultures urbaines, etc. ?  <\/p>\n\n\n\n<p><strong>En replay :<\/strong><\/p>\n\n\n\n<iframe loading=\"lazy\" width=\"560\" height=\"315\" src=\"https:\/\/www.youtube.com\/embed\/kVLg01k-xoI\" title=\"YouTube video player\" frameborder=\"0\" allow=\"accelerometer; autoplay; clipboard-write; encrypted-media; gyroscope; picture-in-picture\" allowfullscreen=\"\"><\/iframe>\n\n\n\n<p><strong>Avec :<\/strong><\/p>\n\n\n\n<div class=\"wp-block-cover is-light\"><span aria-hidden=\"true\" class=\"wp-block-cover__gradient-background has-background-dim\"><\/span><img loading=\"lazy\" decoding=\"async\" width=\"528\" height=\"518\" class=\"wp-block-cover__image-background wp-image-127\" alt=\"\" src=\"https:\/\/larptheque.larp.fr\/wp-content\/uploads\/2021\/04\/Olivia-3.jpg\" data-object-fit=\"cover\" srcset=\"https:\/\/larptheque.larp.fr\/wp-content\/uploads\/2021\/04\/Olivia-3.jpg 528w, https:\/\/larptheque.larp.fr\/wp-content\/uploads\/2021\/04\/Olivia-3-300x294.jpg 300w\" sizes=\"auto, (max-width: 528px) 100vw, 528px\" \/><div class=\"wp-block-cover__inner-container is-layout-flow wp-block-cover-is-layout-flow\">\n<div style=\"height:189px\" aria-hidden=\"true\" class=\"wp-block-spacer\"><\/div>\n\n\n\n<p class=\"has-text-align-center has-white-color has-text-color has-large-font-size\"><strong>Olivia C\u00f4te<\/strong>,<br>Com\u00e9dienne, Sc\u00e9nariste<\/p>\n<\/div><\/div>\n\n\n\n<div style=\"height:20px\" aria-hidden=\"true\" class=\"wp-block-spacer\"><\/div>\n\n\n\n<p><em>Olivia C\u00f4te a fait des \u00e9tudes de th\u00e9\u00e2tre au Th\u00e9\u00e2tre National de Strasbourg. Pendant quelques ann\u00e9es elle joue dans des pi\u00e8ces merveilleuses mais pas forcemment tr\u00e8s dr\u00f4les. Elle cr\u00e9\u00e9e donc avec sa meilleure amie Judith Siboni la s\u00e9rie<\/em> <strong>Vous les femmes<\/strong><em>, pour rire un peu. Ensuite elle joue dans les films de Jeanne Herry. Elle rit avec Camille Cottin et Camille Chamoux dans le film d Elo\u00efse Lang <\/em><strong>Largu\u00e9es<\/strong><em>. Puis dans la s\u00e9rie <\/em><strong>Les copains d\u2019abord<\/strong><em> \u00e9crite par Edgard Grima, avec sa grande comparse de poilade Judith Siboni. Puis avec Laure Calamy dans le film de Caroline Vignal <\/em><strong>Antoinette dans les C\u00e9vennes<\/strong><em> . Elle rit \u00e0 gorge d\u00e9ploy\u00e9e sur le tournage de l\u2019originale s\u00e9rie<strong> <\/strong><\/em><strong>Or de lui<\/strong><em><strong> <\/strong>de Baptiste Lorber avec Ramzy Bedia. Elle a \u00e9crit plusieurs sc\u00e9narios dont les sujets ne sont pas d\u00e9sopilants, comme le traumatisme de la guerre d\u2019Alg\u00e9rie ou le cancer. Et pourtant elle a ri en les \u00e9crivant\u2026<\/em><\/p>\n\n\n\n<div class=\"wp-block-cover\"><span aria-hidden=\"true\" class=\"wp-block-cover__gradient-background has-background-dim\"><\/span><img loading=\"lazy\" decoding=\"async\" width=\"683\" height=\"1024\" class=\"wp-block-cover__image-background wp-image-129\" alt=\"\" src=\"https:\/\/larptheque.larp.fr\/wp-content\/uploads\/2021\/04\/Laetitia_Dosch_par_Thomas_nouvelle-min-683x1024.jpg\" style=\"object-position:51% 28%\" data-object-fit=\"cover\" data-object-position=\"51% 28%\" srcset=\"https:\/\/larptheque.larp.fr\/wp-content\/uploads\/2021\/04\/Laetitia_Dosch_par_Thomas_nouvelle-min-683x1024.jpg 683w, https:\/\/larptheque.larp.fr\/wp-content\/uploads\/2021\/04\/Laetitia_Dosch_par_Thomas_nouvelle-min-200x300.jpg 200w, https:\/\/larptheque.larp.fr\/wp-content\/uploads\/2021\/04\/Laetitia_Dosch_par_Thomas_nouvelle-min-768x1152.jpg 768w, https:\/\/larptheque.larp.fr\/wp-content\/uploads\/2021\/04\/Laetitia_Dosch_par_Thomas_nouvelle-min-1024x1536.jpg 1024w, https:\/\/larptheque.larp.fr\/wp-content\/uploads\/2021\/04\/Laetitia_Dosch_par_Thomas_nouvelle-min-1365x2048.jpg 1365w, https:\/\/larptheque.larp.fr\/wp-content\/uploads\/2021\/04\/Laetitia_Dosch_par_Thomas_nouvelle-min-scaled.jpg 1707w\" sizes=\"auto, (max-width: 683px) 100vw, 683px\" \/><div class=\"wp-block-cover__inner-container is-layout-flow wp-block-cover-is-layout-flow\">\n<div style=\"height:184px\" aria-hidden=\"true\" class=\"wp-block-spacer\"><\/div>\n\n\n\n<p class=\"has-text-align-center has-large-font-size\"><strong>Laetitia Dosch<\/strong>, <br>Com\u00e9dienne, Metteuse en sc\u00e8ne<\/p>\n<\/div><\/div>\n\n\n\n<p class=\"has-small-font-size\">\u00a9 Thomas Nouvelle<\/p>\n\n\n\n<p><em>\u00c0 17 ans, L\u00e6titia Dosch \u00e9tudiante en lettres d\u00e9couvre le th\u00e9\u00e2tre et int\u00e8gre une \u00e9cole de th\u00e9\u00e2tre. Apr\u00e8s avoir \u00e9t\u00e9 \u00e9tudiante \u00e0 la classe libre du cours Florent ainsi qu&rsquo;\u00e0 l&rsquo;\u00c9cole P\u00e9rimony, elle part pour la Suisse o\u00f9 elle entre \u00e0 la \u00ab Manufacture \u00bb. Elle joue au cin\u00e9ma avec Fr\u00e9d\u00e9ric Mermoud pour <\/em><strong>Complices <\/strong><em>(2010), Justine Triet pour <\/em><strong>Vilaine Fille<\/strong><em>, <\/em><strong>Mauvais Gar\u00e7on<\/strong><em> (2011), qui lui vaut deux prix d&rsquo;interpr\u00e9tation aux festivals C\u00f4t\u00e9 Court et Silhouette, puis encore <\/em><strong>La Bataille de Solf\u00e9rino<\/strong><em> (2012) de la m\u00eame r\u00e9alisatrice, dans lequel elle tient le r\u00f4le principal aux c\u00f4t\u00e9s de Vincent Macaigne. Elle joue le r\u00f4le r\u00e9current de Daphn\u00e9 dans la s\u00e9rie <\/em><strong>Ainsi soient-ils<\/strong><em>, saison 2, coproduite par Arte. Au th\u00e9\u00e2tre elle a notamment jou\u00e9 Isabelle dans le<\/em><strong> Mesure pour mesure<\/strong><em> de Jean-Yves Ruf, avec \u00c9ric Ruf. Dans la danse contemporaine, L\u00e6titia Dosch a travaill\u00e9 \u00e0 plusieurs reprises avec le chor\u00e9graphe Marco Berrettini, et avec la chor\u00e9graphe espagnole La Ribot, pour PARAdistinguidas, Laughing Hole et Walk The Chair. Comme auteur-interpr\u00e8te, elle collabore avec la 2b company, fond\u00e9e par Fran\u00e7ois Gremaud. Elle cr\u00e9e divers spectacles transdisciplinaires, un cabaret de femme \u00e0 barbe. Elle est aussi metteuse en sc\u00e8ne et auteur de th\u00e9\u00e2tre, notamment de <\/em><strong>L\u00e6titia fait p\u00e9ter\u2026 (titre \u00e9volutif)<\/strong><em> qu&rsquo;elle joue au centre culturel suisse de Paris, au th\u00e9\u00e2tre de Vanves pour le festival Artdanth\u00e9, au th\u00e9\u00e2tre Arsenic de Lausanne, au Th\u00e9\u00e2tre Saint-Gervais \u00e0 Gen\u00e8ve. En juin 2019 elle fait partie du jury de Sandrine Bonnaire lors du 33e Festival du film de Cabourg.<\/em><\/p>\n\n\n\n<div class=\"wp-block-cover is-light\"><span aria-hidden=\"true\" class=\"wp-block-cover__gradient-background has-background-dim\"><\/span><img loading=\"lazy\" decoding=\"async\" width=\"911\" height=\"1024\" class=\"wp-block-cover__image-background wp-image-36\" alt=\"\" src=\"https:\/\/larptheque.larp.fr\/wp-content\/uploads\/2021\/04\/libre-de-droit-min-911x1024.jpg\" data-object-fit=\"cover\" srcset=\"https:\/\/larptheque.larp.fr\/wp-content\/uploads\/2021\/04\/libre-de-droit-min-911x1024.jpg 911w, https:\/\/larptheque.larp.fr\/wp-content\/uploads\/2021\/04\/libre-de-droit-min-267x300.jpg 267w, https:\/\/larptheque.larp.fr\/wp-content\/uploads\/2021\/04\/libre-de-droit-min-768x863.jpg 768w, https:\/\/larptheque.larp.fr\/wp-content\/uploads\/2021\/04\/libre-de-droit-min-1367x1536.jpg 1367w, https:\/\/larptheque.larp.fr\/wp-content\/uploads\/2021\/04\/libre-de-droit-min-1823x2048.jpg 1823w\" sizes=\"auto, (max-width: 911px) 100vw, 911px\" \/><div class=\"wp-block-cover__inner-container is-layout-flow wp-block-cover-is-layout-flow\">\n<div style=\"height:228px\" aria-hidden=\"true\" class=\"wp-block-spacer\"><\/div>\n\n\n\n<p class=\"has-text-align-center has-white-color has-text-color has-large-font-size\"><strong>Baya Kasmi<\/strong>, <br>Cin\u00e9aste de L\u2019ARP<\/p>\n<\/div><\/div>\n\n\n\n<div style=\"height:20px\" aria-hidden=\"true\" class=\"wp-block-spacer\"><\/div>\n\n\n\n<p><em>Baya\u00a0Kasmi\u00a0est\u00a0n\u00e9e \u00e0 Toulouse en 78, d\u2019un p\u00e8re Alg\u00e9rien et d\u2019une m\u00e8re Fran\u00e7aise.\u00a0 Elle\u00a0\u00e9crit et r\u00e9alise pour le cin\u00e9ma et la t\u00e9l\u00e9vision, elle est aussi actrice et chanteuse. Au cin\u00e9ma, elle a co-sign\u00e9 le sc\u00e9nario du <strong>Nom des Gens <\/strong>de Michel Leclerc, ainsi que <strong>La vie tr\u00e8s priv\u00e9e de Monsieur Sim<\/strong>, et <strong>La lutte des classes<\/strong>, mais aussi <strong>Hippocrate <\/strong>et <strong>M\u00e9decin de Campagne<\/strong> de Thomas Lilti. Elle a r\u00e9alis\u00e9 un court <strong>J\u2019aurais pu \u00eatre une pute<\/strong>, Un long <strong>Je suis \u00e0 vous tout de suite<\/strong> et une s\u00e9rie <strong>Le grand Bazar<\/strong>. Elle est actuellement en pr\u00e9paration de son deuxi\u00e8me long m\u00e9trage pour le cin\u00e9ma, <strong>Youssef Salem a du succ\u00e8s<\/strong> avec Ramzy B\u00e9dia et No\u00e9mie Lvovsky<\/em>.<\/p>\n\n\n\n<div class=\"wp-block-cover is-light\"><span aria-hidden=\"true\" class=\"wp-block-cover__gradient-background has-background-dim\"><\/span><img loading=\"lazy\" decoding=\"async\" width=\"681\" height=\"1024\" class=\"wp-block-cover__image-background wp-image-56\" alt=\"\" src=\"https:\/\/larptheque.larp.fr\/wp-content\/uploads\/2021\/04\/credit-Giasco-Bertoli-681x1024.jpg\" style=\"object-position:42% 30%\" data-object-fit=\"cover\" data-object-position=\"42% 30%\" srcset=\"https:\/\/larptheque.larp.fr\/wp-content\/uploads\/2021\/04\/credit-Giasco-Bertoli-681x1024.jpg 681w, https:\/\/larptheque.larp.fr\/wp-content\/uploads\/2021\/04\/credit-Giasco-Bertoli-200x300.jpg 200w, https:\/\/larptheque.larp.fr\/wp-content\/uploads\/2021\/04\/credit-Giasco-Bertoli-768x1154.jpg 768w, https:\/\/larptheque.larp.fr\/wp-content\/uploads\/2021\/04\/credit-Giasco-Bertoli-1022x1536.jpg 1022w, https:\/\/larptheque.larp.fr\/wp-content\/uploads\/2021\/04\/credit-Giasco-Bertoli-1363x2048.jpg 1363w, https:\/\/larptheque.larp.fr\/wp-content\/uploads\/2021\/04\/credit-Giasco-Bertoli-scaled.jpg 1703w\" sizes=\"auto, (max-width: 681px) 100vw, 681px\" \/><div class=\"wp-block-cover__inner-container is-layout-flow wp-block-cover-is-layout-flow\">\n<div style=\"height:214px\" aria-hidden=\"true\" class=\"wp-block-spacer\"><\/div>\n\n\n\n<p class=\"has-text-align-center has-white-color has-text-color has-large-font-size\"><strong>Sophie Letourneur<\/strong>,<br> R\u00e9alisatrice, Sc\u00e9nariste<\/p>\n<\/div><\/div>\n\n\n\n<p class=\"has-small-font-size\">\u00a9 Giasco Bertoli<\/p>\n\n\n\n<p><em>Diplom\u00e9e de l&rsquo;Ecole Nationale Sup\u00e9rieure des Arts D\u00e9coratifs, Sophie Letourneur d\u00e9bute sa carri\u00e8re par la r\u00e9alisation d&rsquo;installations vid\u00e9o et de courts-m\u00e9trages exp\u00e9rimentaux. Elle passe ensuite au moyen m\u00e9trage avec <strong>Manue Bolonaise<\/strong> (2005) et <strong>Roc et Canyon<\/strong> (2007) qui sortent alors en salle. En 2009, elle signe son premier long-m\u00e9trage, <strong>La Vie au Ranch<\/strong>, prix du public et le prix du film fran\u00e7ais au festival \u00ab\u00a0Entrevues\u00a0\u00bb la m\u00eame ann\u00e9e. Suivront ensuite le court m\u00e9trage <strong>Le Marin Masqu\u00e9<\/strong> qui est r\u00e9compens\u00e9 par le Grand Prix du jury, le Prix de la jeunesse et le Prix de la presse au festival C\u00f4t\u00e9 court de Pantin en 2011, puis les longs-m\u00e9trages <strong>Les Coquillettes<\/strong> (2013) et <strong>Gaby Baby Doll<\/strong> (2014). Son dernier film, <strong>Enorme <\/strong>(2020), m\u00eale aux images de fiction des images documentaires tourn\u00e9es dans un h\u00f4pital, au service d&rsquo;une com\u00e9die sur la maternit\u00e9 avec Marina Fo\u00efs et Jonathan Cohen. <\/em><\/p>\n\n\n\n<div class=\"wp-block-cover is-light\"><span aria-hidden=\"true\" class=\"wp-block-cover__gradient-background has-background-dim\"><\/span><img loading=\"lazy\" decoding=\"async\" width=\"565\" height=\"800\" class=\"wp-block-cover__image-background wp-image-132\" alt=\"\" src=\"https:\/\/larptheque.larp.fr\/wp-content\/uploads\/2021\/04\/Felix_Moati_Cabourg_2017Georges-Biard.jpg\" style=\"object-position:45% 36%\" data-object-fit=\"cover\" data-object-position=\"45% 36%\" srcset=\"https:\/\/larptheque.larp.fr\/wp-content\/uploads\/2021\/04\/Felix_Moati_Cabourg_2017Georges-Biard.jpg 565w, https:\/\/larptheque.larp.fr\/wp-content\/uploads\/2021\/04\/Felix_Moati_Cabourg_2017Georges-Biard-212x300.jpg 212w\" sizes=\"auto, (max-width: 565px) 100vw, 565px\" \/><div class=\"wp-block-cover__inner-container is-layout-flow wp-block-cover-is-layout-flow\">\n<div style=\"height:221px\" aria-hidden=\"true\" class=\"wp-block-spacer\"><\/div>\n\n\n\n<p class=\"has-text-align-center has-white-color has-text-color has-large-font-size\"><strong>F\u00e9lix Moati<\/strong>,<br>Com\u00e9dien, R\u00e9alisateur<\/p>\n<\/div><\/div>\n\n\n\n<p class=\"has-small-font-size\">\u00a9 Georges Biard<\/p>\n\n\n\n<p><em>F\u00e9lix Moati fait ses d\u00e9buts au cin\u00e9ma dans deux films aux registres tr\u00e8s diff\u00e9rents, la com\u00e9die <\/em><strong>LOL<\/strong><em> de Lisa Azuelos et le film d\u2019horreur <\/em><strong>Livide<\/strong><em>. Il b\u00e9n\u00e9ficie d\u00e8s son troisi\u00e8me film d&rsquo;un r\u00f4le expos\u00e9 : dans la com\u00e9die politique <\/em><strong>T\u00e9l\u00e9 Gaucho<\/strong><em>, sous la direction de Michel Leclerc, il y joue Victor, un passionn\u00e9 de cin\u00e9ma qui s\u2019engage dans une cha\u00eene de t\u00e9l\u00e9vision associative. Sa performance lui vaut une nomination au C\u00e9sar du meilleur espoir masculin, en 2013. L\u2019ann\u00e9e suivante, il partage l&rsquo;affiche de la com\u00e9die <\/em><strong>Libre et assoupi <\/strong><em>avec Baptiste Lecaplain et Charlotte Le Bon. Pour ce premier long-m\u00e9trage de Benjamin Guedj, il d\u00e9croche le Coup de c\u0153ur du jury au festival international du film de com\u00e9die de l&rsquo;Alpe d\u2019Huez. En 2014, il tient de nouveau un second r\u00f4le pour <\/em><strong>Hippocrate<\/strong><em>, de Thomas Lilti, port\u00e9 par Vincent Lacoste. Il joue ensuite dans la com\u00e9die <\/em><strong>Gaby Baby Doll<\/strong><em>, \u00e9crite et r\u00e9alis\u00e9e par Sophie Letourneur.  L&rsquo;ann\u00e9e 2015 est marqu\u00e9e par la sortie de trois films : il est au casting de la com\u00e9die<\/em><strong> Valentin Valentin<\/strong><em>, de Pascal Thomas, mais il passe surtout \u00e0 un premier r\u00f4le avec <\/em><strong>\u00c0 trois on y va<\/strong><em>, com\u00e9die de m\u0153urs de J\u00e9r\u00f4me Bonnell. Il y a pour partenaires Ana\u00efs Demoustier et Sophie Verbeeck. Cette com\u00e9die sur la bisexualit\u00e9 et le m\u00e9nage \u00e0 trois lui vaut une seconde nomination au C\u00e9sar du meilleur espoir masculin. Enfin, Michel Leclerc lui confie un r\u00f4le dans la com\u00e9die dramatiqu<\/em><strong>e La Vie tr\u00e8s priv\u00e9e de Monsieur Sim<\/strong><em>, avec Jean-Pierre Bacri dans le r\u00f4le-titre. Autres retrouvailles en 2016, avec un second r\u00f4le dans <\/em><strong>M\u00e9decin de campagne<\/strong><em>, nouvelle r\u00e9alisation de Thomas Lilti. L&rsquo;ann\u00e9e 2017 lui permet de renouer avec la com\u00e9die politique gr\u00e2ce \u00e0 <\/em><strong>Cherchez la femme<\/strong><em>, de Sou Abadi, o\u00f9 il a pour partenaires Cam\u00e9lia Jordana et William Lebghil. Il tient \u00e9galement le premier r\u00f4le masculin du drame<\/em><strong> Simon et Th\u00e9odore<\/strong><em>, de Mikael Buch. En 2018, il op\u00e8re un tournant majeur : il tient le premier r\u00f4le de la com\u00e9die dramatique <\/em><strong>Gaspard va au mariage<\/strong><em>, d&rsquo;Antony Cordier, puis pr\u00e9sente au 71e Festival de Cannes la com\u00e9die dramatique <\/em><strong>Le Grand Bain<\/strong><em>, premi\u00e8re r\u00e9alisation en solo de Gilles Lellouche. Il fait partie d&rsquo;un casting cinq \u00e9toiles comptant notamment Guillaume Canet, Virginie Efira et Beno\u00eet Poelvoorde. En f\u00e9vrier 2019, il r\u00e9alise son premier film <\/em><strong>Deux fils<\/strong><em> dans lequel il joue \u00e9galement. Pour ce passage \u00e0 la mise en sc\u00e8ne de long-m\u00e9trage, Moati dirige aussi ses partenaires et amis : Vincent Lacoste et Ana\u00efs Demoustier.<\/em><\/p>\n\n\n\n<div class=\"wp-block-cover is-light\"><span aria-hidden=\"true\" class=\"wp-block-cover__gradient-background has-background-dim\"><\/span><img loading=\"lazy\" decoding=\"async\" width=\"240\" height=\"240\" class=\"wp-block-cover__image-background wp-image-41\" alt=\"\" src=\"https:\/\/larptheque.larp.fr\/wp-content\/uploads\/2021\/04\/thomas-v.jpg\" data-object-fit=\"cover\" srcset=\"https:\/\/larptheque.larp.fr\/wp-content\/uploads\/2021\/04\/thomas-v.jpg 240w, https:\/\/larptheque.larp.fr\/wp-content\/uploads\/2021\/04\/thomas-v-150x150.jpg 150w\" sizes=\"auto, (max-width: 240px) 100vw, 240px\" \/><div class=\"wp-block-cover__inner-container is-layout-flow wp-block-cover-is-layout-flow\">\n<div style=\"height:227px\" aria-hidden=\"true\" class=\"wp-block-spacer\"><\/div>\n\n\n\n<p class=\"has-text-align-center has-white-color has-text-color has-large-font-size\"><strong>Thomas Verhaeghe<\/strong>, <br>Producteur<\/p>\n<\/div><\/div>\n\n\n\n<div style=\"height:20px\" aria-hidden=\"true\" class=\"wp-block-spacer\"><\/div>\n\n\n\n<p><em>Thomas Verhaeghe a produit pendant dix ans une trentaine de court-m\u00e9trages et dix long-m\u00e9trages au sein de Sombrero films, dont<strong> La Strat\u00e9gie de la Poussette<\/strong> de Cl\u00e9ment Michel ou <strong>M\u00e8res et filles <\/strong>de Julie Lopes Curval. En 2015 il fonde l\u2019Atelier de Production aux c\u00f4t\u00e9s de son fr\u00e8re Mathieu Verhaeghe et y a produit cinq long-m\u00e9trages dont <strong>Au poste ! <\/strong>et<strong> Le Daim <\/strong>de Quentin Dupieux. Plusieurs films sont actuellement en attente de dates de sorties en salles ou en post-production dont un premier film de Nine Antico, les prochains projets de Quentin Dupieux, Antonin Peretjatko et Sylvie Verheyde. L\u2019Atelier de Production pr\u00e9pare \u00e9galement le tournage d\u2019une com\u00e9die musicale sign\u00e9e No\u00e9mie Lvovsky dont le tournage d\u00e9butera en juin prochain.<br>Enfin Thomas Verhaeghe d\u00e9veloppe les prochains films de Danielle Arbid, Nicolas &amp; Bruno, Olivier Py, Alice Vial, Caroline Poggi &amp; Jonathan Vinel et Mounia Meddour.<\/em><\/p>\n\n\n\n<p>Table ronde anim\u00e9e par <strong>Fabrice Leclerc<\/strong> <strong>:<\/strong><\/p>\n\n\n\n<div class=\"wp-block-cover\"><span aria-hidden=\"true\" class=\"wp-block-cover__gradient-background has-background-dim\"><\/span><img loading=\"lazy\" decoding=\"async\" width=\"600\" height=\"600\" class=\"wp-block-cover__image-background wp-image-38\" alt=\"\" src=\"https:\/\/larptheque.larp.fr\/wp-content\/uploads\/2021\/04\/photo-Fabrice-Leclerc.jpg\" style=\"object-position:50% 21%\" data-object-fit=\"cover\" data-object-position=\"50% 21%\" srcset=\"https:\/\/larptheque.larp.fr\/wp-content\/uploads\/2021\/04\/photo-Fabrice-Leclerc.jpg 600w, https:\/\/larptheque.larp.fr\/wp-content\/uploads\/2021\/04\/photo-Fabrice-Leclerc-300x300.jpg 300w, https:\/\/larptheque.larp.fr\/wp-content\/uploads\/2021\/04\/photo-Fabrice-Leclerc-150x150.jpg 150w\" sizes=\"auto, (max-width: 600px) 100vw, 600px\" \/><div class=\"wp-block-cover__inner-container is-layout-flow wp-block-cover-is-layout-flow\">\n<div style=\"height:223px\" aria-hidden=\"true\" class=\"wp-block-spacer\"><\/div>\n\n\n\n<p class=\"has-text-align-center has-large-font-size\"><strong>Fabrice Leclerc<\/strong>, <br>Journaliste<\/p>\n<\/div><\/div>\n\n\n\n<div style=\"height:20px\" aria-hidden=\"true\" class=\"wp-block-spacer\"><\/div>\n\n\n\n<p><em>Journaliste cin\u00e9ma \u00e0 Paris Match, Fabrice Leclerc a notamment \u00e9t\u00e9 le cr\u00e9ateur et r\u00e9dacteur en chef de Studio Cin\u00e9 Live apr\u00e8s avoir \u00e9t\u00e9 r\u00e9dacteur en chef adjoint du Film Fran\u00e7ais. Apr\u00e8s des d\u00e9buts \u00e0 la radio pendant 15 ans (RTL, RMC, RFI), il a \u00e9t\u00e9 de 2003 \u00e0 2019 chroniqueur et consultant cin\u00e9ma sur France Info. Il est \u00e9galement membre de la Commission d\u2019avance sur recettes au CNC, et de l\u2019Academie des C\u00e9sar<\/em>.<\/p>\n","protected":false},"excerpt":{"rendered":"<p>Souvent consid\u00e9r\u00e9e comme populaire et longtemps rejet\u00e9e des festivals et des prix, boud\u00e9e par la critique, la com\u00e9die fran\u00e7aise est-elle enfin reconnue ? Nourris d&rsquo;engagements soci\u00e9taux, d&rsquo;h\u00e9ritages d\u2019Internet ou du stand-up, les codes de la com\u00e9die fran\u00e7aise ont-ils chang\u00e9 ? Comment se d\u00e9finissent-ils ? Sont-ils d\u2019abord sc\u00e9naristiques ? Ou jouent-ils sur d\u2019autres ressorts cr\u00e9atifs : &hellip; <a href=\"https:\/\/larptheque.larp.fr\/index.php\/2021\/04\/01\/16h-comedie-le-code-a-change\/\" class=\"more-link\">Continuer la lecture de <span class=\"screen-reader-text\">16h : Com\u00e9die : le code a chang\u00e9 ?<\/span>  <span class=\"meta-nav\">&rarr;<\/span><\/a><\/p>\n","protected":false},"author":1,"featured_media":0,"comment_status":"closed","ping_status":"closed","sticky":false,"template":"","format":"standard","meta":{"footnotes":""},"categories":[4],"tags":[],"class_list":["post-35","post","type-post","status-publish","format-standard","hentry","category-la-journee-de-la-creation-2021"],"_links":{"self":[{"href":"https:\/\/larptheque.larp.fr\/index.php\/wp-json\/wp\/v2\/posts\/35","targetHints":{"allow":["GET"]}}],"collection":[{"href":"https:\/\/larptheque.larp.fr\/index.php\/wp-json\/wp\/v2\/posts"}],"about":[{"href":"https:\/\/larptheque.larp.fr\/index.php\/wp-json\/wp\/v2\/types\/post"}],"author":[{"embeddable":true,"href":"https:\/\/larptheque.larp.fr\/index.php\/wp-json\/wp\/v2\/users\/1"}],"replies":[{"embeddable":true,"href":"https:\/\/larptheque.larp.fr\/index.php\/wp-json\/wp\/v2\/comments?post=35"}],"version-history":[{"count":20,"href":"https:\/\/larptheque.larp.fr\/index.php\/wp-json\/wp\/v2\/posts\/35\/revisions"}],"predecessor-version":[{"id":1185,"href":"https:\/\/larptheque.larp.fr\/index.php\/wp-json\/wp\/v2\/posts\/35\/revisions\/1185"}],"wp:attachment":[{"href":"https:\/\/larptheque.larp.fr\/index.php\/wp-json\/wp\/v2\/media?parent=35"}],"wp:term":[{"taxonomy":"category","embeddable":true,"href":"https:\/\/larptheque.larp.fr\/index.php\/wp-json\/wp\/v2\/categories?post=35"},{"taxonomy":"post_tag","embeddable":true,"href":"https:\/\/larptheque.larp.fr\/index.php\/wp-json\/wp\/v2\/tags?post=35"}],"curies":[{"name":"wp","href":"https:\/\/api.w.org\/{rel}","templated":true}]}}