{"id":2340,"date":"2025-03-27T16:55:11","date_gmt":"2025-03-27T16:55:11","guid":{"rendered":"https:\/\/larptheque.larp.fr\/?p=2340"},"modified":"2025-04-02T14:40:12","modified_gmt":"2025-04-02T14:40:12","slug":"19h30-etude-de-cas-lhistoire-de-souleymane-de-boris-lojkine","status":"publish","type":"post","link":"https:\/\/larptheque.larp.fr\/index.php\/2025\/03\/27\/19h30-etude-de-cas-lhistoire-de-souleymane-de-boris-lojkine\/","title":{"rendered":"19h30 : \u00c9tude de cas \u2013\u00a0L\u2019Histoire de Souleymane\u00a0de Boris Lojkine"},"content":{"rendered":"\n<p>En pr\u00e9sence de l\u2019\u00e9quipe son et \u00e0 travers des extraits, nous explorerons la cr\u00e9ation et les choix techniques qui ont contribu\u00e9 \u00e0 la conception de l&rsquo;univers sonore du film.<\/p>\n\n\n\n<p>Avec :<\/p>\n\n\n<div class=\"wp-block-image\">\n<figure class=\"aligncenter size-large\"><img loading=\"lazy\" decoding=\"async\" width=\"1024\" height=\"1024\" src=\"https:\/\/larptheque.larp.fr\/wp-content\/uploads\/2025\/03\/2-1024x1024.png\" alt=\"\" class=\"wp-image-2341\" srcset=\"https:\/\/larptheque.larp.fr\/wp-content\/uploads\/2025\/03\/2-1024x1024.png 1024w, https:\/\/larptheque.larp.fr\/wp-content\/uploads\/2025\/03\/2-300x300.png 300w, https:\/\/larptheque.larp.fr\/wp-content\/uploads\/2025\/03\/2-150x150.png 150w, https:\/\/larptheque.larp.fr\/wp-content\/uploads\/2025\/03\/2-768x768.png 768w, https:\/\/larptheque.larp.fr\/wp-content\/uploads\/2025\/03\/2.png 1080w\" sizes=\"auto, (max-width: 1024px) 100vw, 1024px\" \/><\/figure>\n<\/div>\n\n\n<p><strong>Marc-Olivier Brull\u00e9<\/strong> exerce en tant que chef op\u00e9rateur du son et monteur son depuis 2011, en fiction et en documentaire.<br>Depuis <em>Hope <\/em>en 2014, il a collabor\u00e9 avec Boris Lojkine sur chacun de ses long-m\u00e9trages de fiction\u00a0: <em>Camille <\/em>en 2019 puis <em>L&rsquo;Histoire de Souleymane<\/em> en 2024.<br>Il travaille r\u00e9guli\u00e8rement en France et \u00e0 l\u2019\u00e9tranger avec Vincent Le Port (<em>Bruno Reidal<\/em>), Hubert Charuel (<em>Petit Paysan<\/em>), Roy Arida (<em>Sous le B\u00e9ton<\/em>) ou encore Guillermo Quintero (<em>Homo Botanicus<\/em>) ainsi qu\u2019avec les soci\u00e9t\u00e9s de production STANK et UNITE.<\/p>\n\n\n<div class=\"wp-block-image\">\n<figure class=\"aligncenter size-large\"><img loading=\"lazy\" decoding=\"async\" width=\"1024\" height=\"1024\" src=\"https:\/\/larptheque.larp.fr\/wp-content\/uploads\/2025\/03\/3-1-1024x1024.png\" alt=\"\" class=\"wp-image-2343\" srcset=\"https:\/\/larptheque.larp.fr\/wp-content\/uploads\/2025\/03\/3-1-1024x1024.png 1024w, https:\/\/larptheque.larp.fr\/wp-content\/uploads\/2025\/03\/3-1-300x300.png 300w, https:\/\/larptheque.larp.fr\/wp-content\/uploads\/2025\/03\/3-1-150x150.png 150w, https:\/\/larptheque.larp.fr\/wp-content\/uploads\/2025\/03\/3-1-768x768.png 768w, https:\/\/larptheque.larp.fr\/wp-content\/uploads\/2025\/03\/3-1.png 1080w\" sizes=\"auto, (max-width: 1024px) 100vw, 1024px\" \/><\/figure>\n<\/div>\n\n\n<p><strong>Charlotte Butrak<\/strong> est dipl\u00f4m\u00e9e de La Femis en 2010. Elle exerce \u00e0 la fois comme cheffe monteuse son et paroles.\u00a0<br>Au fil des ann\u00e9es, elle a eu l&rsquo;opportunit\u00e9 de travailler avec plusieurs r\u00e9alisateurs, tels que Jean-Bernard Marlin (<em>Sh\u00e9h\u00e9razade<\/em>),\u00a0L\u00e9onor Serraille (<em>Un Petit Fr\u00e8re<\/em>) et Vincent Leport (<em>Bruno Reidal<\/em>).\u00a0<br><em>L&rsquo;histoire de Souleymane<\/em>\u00a0est sa premi\u00e8re collaboration avec Boris Lojdkine.\u00a0<\/p>\n\n\n\n<hr class=\"wp-block-separator has-alpha-channel-opacity\"\/>\n\n\n\n<p><strong>Animation :<\/strong><\/p>\n\n\n<div class=\"wp-block-image\">\n<figure class=\"aligncenter size-large\"><img loading=\"lazy\" decoding=\"async\" width=\"1024\" height=\"1024\" src=\"https:\/\/larptheque.larp.fr\/wp-content\/uploads\/2025\/03\/OK-Pierre-Charpilloz-1024x1024.png\" alt=\"\" class=\"wp-image-2301\" srcset=\"https:\/\/larptheque.larp.fr\/wp-content\/uploads\/2025\/03\/OK-Pierre-Charpilloz-1024x1024.png 1024w, https:\/\/larptheque.larp.fr\/wp-content\/uploads\/2025\/03\/OK-Pierre-Charpilloz-300x300.png 300w, https:\/\/larptheque.larp.fr\/wp-content\/uploads\/2025\/03\/OK-Pierre-Charpilloz-150x150.png 150w, https:\/\/larptheque.larp.fr\/wp-content\/uploads\/2025\/03\/OK-Pierre-Charpilloz-768x768.png 768w, https:\/\/larptheque.larp.fr\/wp-content\/uploads\/2025\/03\/OK-Pierre-Charpilloz.png 1080w\" sizes=\"auto, (max-width: 1024px) 100vw, 1024px\" \/><\/figure>\n<\/div>\n\n\n<p>Journaliste et critique de cin\u00e9ma, Pierre Charpilloz travaille pour les magazines So Film, Acumen et Bande \u00e0 Part, ainsi que pour les cha\u00eenes de t\u00e9l\u00e9vision Arte et Cin\u00e9+ OCS. Parall\u00e8lement, il enseigne le cin\u00e9ma \u00e0 l\u2019Universit\u00e9 de Strasbourg et \u00e0 l\u2019Universit\u00e9 Paris 8.\u00a0 Il est \u00e9galement l\u2019auteur de plusieurs livres sur le cin\u00e9ma.<\/p>\n","protected":false},"excerpt":{"rendered":"<p>En pr\u00e9sence de l\u2019\u00e9quipe son et \u00e0 travers des extraits, nous explorerons la cr\u00e9ation et les choix techniques qui ont contribu\u00e9 \u00e0 la conception de l&rsquo;univers sonore du film. Avec : Marc-Olivier Brull\u00e9 exerce en tant que chef op\u00e9rateur du son et monteur son depuis 2011, en fiction et en documentaire.Depuis Hope en 2014, il &hellip; <a href=\"https:\/\/larptheque.larp.fr\/index.php\/2025\/03\/27\/19h30-etude-de-cas-lhistoire-de-souleymane-de-boris-lojkine\/\" class=\"more-link\">Continuer la lecture de <span class=\"screen-reader-text\">19h30 : \u00c9tude de cas \u2013\u00a0L\u2019Histoire de Souleymane\u00a0de Boris Lojkine<\/span>  <span class=\"meta-nav\">&rarr;<\/span><\/a><\/p>\n","protected":false},"author":1,"featured_media":0,"comment_status":"open","ping_status":"open","sticky":false,"template":"","format":"standard","meta":{"footnotes":""},"categories":[34],"tags":[],"class_list":["post-2340","post","type-post","status-publish","format-standard","hentry","category-les-soirees-de-la-creation"],"_links":{"self":[{"href":"https:\/\/larptheque.larp.fr\/index.php\/wp-json\/wp\/v2\/posts\/2340","targetHints":{"allow":["GET"]}}],"collection":[{"href":"https:\/\/larptheque.larp.fr\/index.php\/wp-json\/wp\/v2\/posts"}],"about":[{"href":"https:\/\/larptheque.larp.fr\/index.php\/wp-json\/wp\/v2\/types\/post"}],"author":[{"embeddable":true,"href":"https:\/\/larptheque.larp.fr\/index.php\/wp-json\/wp\/v2\/users\/1"}],"replies":[{"embeddable":true,"href":"https:\/\/larptheque.larp.fr\/index.php\/wp-json\/wp\/v2\/comments?post=2340"}],"version-history":[{"count":3,"href":"https:\/\/larptheque.larp.fr\/index.php\/wp-json\/wp\/v2\/posts\/2340\/revisions"}],"predecessor-version":[{"id":2350,"href":"https:\/\/larptheque.larp.fr\/index.php\/wp-json\/wp\/v2\/posts\/2340\/revisions\/2350"}],"wp:attachment":[{"href":"https:\/\/larptheque.larp.fr\/index.php\/wp-json\/wp\/v2\/media?parent=2340"}],"wp:term":[{"taxonomy":"category","embeddable":true,"href":"https:\/\/larptheque.larp.fr\/index.php\/wp-json\/wp\/v2\/categories?post=2340"},{"taxonomy":"post_tag","embeddable":true,"href":"https:\/\/larptheque.larp.fr\/index.php\/wp-json\/wp\/v2\/tags?post=2340"}],"curies":[{"name":"wp","href":"https:\/\/api.w.org\/{rel}","templated":true}]}}