{"id":2263,"date":"2025-02-14T13:55:43","date_gmt":"2025-02-14T13:55:43","guid":{"rendered":"https:\/\/larptheque.larp.fr\/?p=2263"},"modified":"2025-02-14T14:27:11","modified_gmt":"2025-02-14T14:27:11","slug":"12-thomas-lilti","status":"publish","type":"post","link":"https:\/\/larptheque.larp.fr\/index.php\/2025\/02\/14\/12-thomas-lilti\/","title":{"rendered":"#12 Thomas Lilti"},"content":{"rendered":"\n<p>\u2728 Le 6 f\u00e9vrier 2025, Thomas Lilti est venu livrer son exp\u00e9rience de cin\u00e9aste aux \u00e9tudiants de la nouvelle promotion de Nouvelles \u00c9critures.<\/p>\n\n\n\n<p>Un \u00e9change fabuleux entre les jeunes sc\u00e9naristes et le r\u00e9alisateur <br>des films <em>M\u00e9decin de campagne<\/em>, <em>Premi\u00e8re ann\u00e9e<\/em>, <em>Un m\u00e9tier s\u00e9rieux<\/em>, <em>Hippocrate<\/em> et de la s\u00e9rie du m\u00eame nom.<\/p>\n\n\n<div class=\"wp-block-image\">\n<figure class=\"aligncenter size-full\"><img loading=\"lazy\" decoding=\"async\" width=\"800\" height=\"704\" src=\"https:\/\/larptheque.larp.fr\/wp-content\/uploads\/2025\/02\/MC-NE-1.jpg\" alt=\"\" class=\"wp-image-2272\" srcset=\"https:\/\/larptheque.larp.fr\/wp-content\/uploads\/2025\/02\/MC-NE-1.jpg 800w, https:\/\/larptheque.larp.fr\/wp-content\/uploads\/2025\/02\/MC-NE-1-300x264.jpg 300w, https:\/\/larptheque.larp.fr\/wp-content\/uploads\/2025\/02\/MC-NE-1-768x676.jpg 768w\" sizes=\"auto, (max-width: 800px) 100vw, 800px\" \/><\/figure>\n<\/div>\n\n\n<p>\ud83c\udfac Cr\u00e9\u00e9e en 2021, l\u2019\u00c9cole Nouvelles \u00c9critures a pour ambition de former des jeunes artistes \u00e0 l\u2019\u00e9criture s\u00e9rielle et de les ins\u00e9rer professionnellement dans les m\u00e9tiers de l\u2019audiovisuel. Gratuite, ouverte \u00e0 tous, elle est r\u00e9solument engag\u00e9e en faveur de l\u2019\u00e9galit\u00e9 des chances.<\/p>\n\n\n\n<p>\ud83d\udc49 Les Cin\u00e9astes de L\u2019ARP se mobilisent tout au long de l\u2019ann\u00e9e <br>sur de nombreux \u00e9v\u00e9nements, \u00e0 Paris et en r\u00e9gion, pour promouvoir <br>et encourager la cr\u00e9ation et la diversit\u00e9 culturelle.<\/p>\n","protected":false},"excerpt":{"rendered":"<p>\u2728 Le 6 f\u00e9vrier 2025, Thomas Lilti est venu livrer son exp\u00e9rience de cin\u00e9aste aux \u00e9tudiants de la nouvelle promotion de Nouvelles \u00c9critures. Un \u00e9change fabuleux entre les jeunes sc\u00e9naristes et le r\u00e9alisateur des films M\u00e9decin de campagne, Premi\u00e8re ann\u00e9e, Un m\u00e9tier s\u00e9rieux, Hippocrate et de la s\u00e9rie du m\u00eame nom. \ud83c\udfac Cr\u00e9\u00e9e en 2021, &hellip; <a href=\"https:\/\/larptheque.larp.fr\/index.php\/2025\/02\/14\/12-thomas-lilti\/\" class=\"more-link\">Continuer la lecture de <span class=\"screen-reader-text\">#12 Thomas Lilti<\/span>  <span class=\"meta-nav\">&rarr;<\/span><\/a><\/p>\n","protected":false},"author":1,"featured_media":0,"comment_status":"open","ping_status":"open","sticky":false,"template":"","format":"standard","meta":{"footnotes":""},"categories":[19],"tags":[],"class_list":["post-2263","post","type-post","status-publish","format-standard","hentry","category-masterclass-nouvelles-ecritures"],"_links":{"self":[{"href":"https:\/\/larptheque.larp.fr\/index.php\/wp-json\/wp\/v2\/posts\/2263","targetHints":{"allow":["GET"]}}],"collection":[{"href":"https:\/\/larptheque.larp.fr\/index.php\/wp-json\/wp\/v2\/posts"}],"about":[{"href":"https:\/\/larptheque.larp.fr\/index.php\/wp-json\/wp\/v2\/types\/post"}],"author":[{"embeddable":true,"href":"https:\/\/larptheque.larp.fr\/index.php\/wp-json\/wp\/v2\/users\/1"}],"replies":[{"embeddable":true,"href":"https:\/\/larptheque.larp.fr\/index.php\/wp-json\/wp\/v2\/comments?post=2263"}],"version-history":[{"count":4,"href":"https:\/\/larptheque.larp.fr\/index.php\/wp-json\/wp\/v2\/posts\/2263\/revisions"}],"predecessor-version":[{"id":2275,"href":"https:\/\/larptheque.larp.fr\/index.php\/wp-json\/wp\/v2\/posts\/2263\/revisions\/2275"}],"wp:attachment":[{"href":"https:\/\/larptheque.larp.fr\/index.php\/wp-json\/wp\/v2\/media?parent=2263"}],"wp:term":[{"taxonomy":"category","embeddable":true,"href":"https:\/\/larptheque.larp.fr\/index.php\/wp-json\/wp\/v2\/categories?post=2263"},{"taxonomy":"post_tag","embeddable":true,"href":"https:\/\/larptheque.larp.fr\/index.php\/wp-json\/wp\/v2\/tags?post=2263"}],"curies":[{"name":"wp","href":"https:\/\/api.w.org\/{rel}","templated":true}]}}