{"id":2137,"date":"2024-06-05T09:30:28","date_gmt":"2024-06-05T09:30:28","guid":{"rendered":"https:\/\/larptheque.larp.fr\/?p=2137"},"modified":"2024-06-05T16:20:35","modified_gmt":"2024-06-05T16:20:35","slug":"lundi-17-juin-a-19h30-regards-croises-sur-le-rapport-a-limage-dans-ses-dimensions-artistiques-esthetiques-et-techniques","status":"publish","type":"post","link":"https:\/\/larptheque.larp.fr\/index.php\/2024\/06\/05\/lundi-17-juin-a-19h30-regards-croises-sur-le-rapport-a-limage-dans-ses-dimensions-artistiques-esthetiques-et-techniques\/","title":{"rendered":"Lundi 17 juin \u00e0 19h30 : Regards crois\u00e9s sur le rapport \u00e0 l\u2019image dans ses dimensions artistiques, esth\u00e9tiques et techniques"},"content":{"rendered":"\n<p>Cin\u00e9astes, chefs op\u00e9rateurs, productrice et \u00e9talonneur partageront leur perception du chemin de fabrication de l\u2019image, depuis l\u2019\u00e9criture jusqu\u2019\u00e0 l\u2019\u00e9talonnage autour de projections d\u2019extraits de films.<\/p>\n\n\n\n<div class=\"wp-block-cover\"><span aria-hidden=\"true\" class=\"wp-block-cover__background has-background-dim-20 has-background-dim\"><\/span><img loading=\"lazy\" decoding=\"async\" width=\"960\" height=\"960\" class=\"wp-block-cover__image-background wp-image-2139\" alt=\"\" src=\"https:\/\/larptheque.larp.fr\/wp-content\/uploads\/2024\/06\/Mathieu-Vadepied-photo.jpg\" data-object-fit=\"cover\" srcset=\"https:\/\/larptheque.larp.fr\/wp-content\/uploads\/2024\/06\/Mathieu-Vadepied-photo.jpg 960w, https:\/\/larptheque.larp.fr\/wp-content\/uploads\/2024\/06\/Mathieu-Vadepied-photo-300x300.jpg 300w, https:\/\/larptheque.larp.fr\/wp-content\/uploads\/2024\/06\/Mathieu-Vadepied-photo-150x150.jpg 150w, https:\/\/larptheque.larp.fr\/wp-content\/uploads\/2024\/06\/Mathieu-Vadepied-photo-768x768.jpg 768w\" sizes=\"auto, (max-width: 960px) 100vw, 960px\" \/><div class=\"wp-block-cover__inner-container is-layout-flow wp-block-cover-is-layout-flow\">\n<div style=\"height:275px\" aria-hidden=\"true\" class=\"wp-block-spacer\"><\/div>\n\n\n\n<p class=\"has-text-align-right has-medium-font-size\"><strong>Mathieu Vadepied<\/strong>,<br>Cin\u00e9aste de L\u2019ARP, <br>chef op\u00e9rateur, directeur artistique<\/p>\n<\/div><\/div>\n\n\n\n<p>Auteur<strong>\u2013<\/strong>r\u00e9alisateur, Mathieu Vadepied a men\u00e9 en parall\u00e8le, \u00e0 ses d\u00e9buts, une carri\u00e8re de directeur de la photographie pour le cin\u00e9ma (<em>Sur mes l\u00e8vres<\/em>,&nbsp;<em>Intouchables<\/em>) de r\u00e9alisateur de courts-m\u00e9trages (<em>Le Souffle<\/em>,&nbsp;<em>Mille Soleils<\/em>), de documentaires (<em>Folles Humanit\u00e9s<\/em>,&nbsp;<em>Portraits d\u2019Intouchables, Les D\u00e9fricheurs<\/em>) et de directeur artistique (<em>Intouchables<\/em>,&nbsp;<em>Le sens de la f\u00eate<\/em>,&nbsp;<em>Hors normes, En Th\u00e9rapie<\/em>).<\/p>\n\n\n\n<p><em>La Vie en grand<\/em>&nbsp;est son premier long-m\u00e9trage pour le cin\u00e9ma, sorti en septembre 2015. Il a r\u00e9alis\u00e9 14 \u00e9pisodes de la s\u00e9rie&nbsp;<em>En Th\u00e9rapie<\/em>.<\/p>\n\n\n\n<p><em>Tirailleurs,&nbsp;<\/em>son deuxi\u00e8me long-m\u00e9trage, est sorti au cin\u00e9ma en janvier 2023.<\/p>\n\n\n\n<hr class=\"wp-block-separator has-alpha-channel-opacity\"\/>\n\n\n\n<div class=\"wp-block-cover aligncenter\"><span aria-hidden=\"true\" class=\"wp-block-cover__background has-background-dim-0 has-background-dim\"><\/span><img loading=\"lazy\" decoding=\"async\" width=\"398\" height=\"452\" class=\"wp-block-cover__image-background wp-image-2162\" alt=\"\" src=\"https:\/\/larptheque.larp.fr\/wp-content\/uploads\/2024\/06\/Celine_Sallette_photo.png\" data-object-fit=\"cover\" srcset=\"https:\/\/larptheque.larp.fr\/wp-content\/uploads\/2024\/06\/Celine_Sallette_photo.png 398w, https:\/\/larptheque.larp.fr\/wp-content\/uploads\/2024\/06\/Celine_Sallette_photo-264x300.png 264w\" sizes=\"auto, (max-width: 398px) 100vw, 398px\" \/><div class=\"wp-block-cover__inner-container is-layout-flow wp-block-cover-is-layout-flow\">\n<div style=\"height:288px\" aria-hidden=\"true\" class=\"wp-block-spacer\"><\/div>\n\n\n\n<p class=\"has-text-align-right has-medium-font-size\"><strong>C\u00e9line Sallette<\/strong><br>Cin\u00e9aste et com\u00e9dienne<\/p>\n<\/div><\/div>\n\n\n\n<p>Prix Romy Schneider en 2013, et prix Lumi\u00e8re en 2012 pour<em><strong> L\u2019Apollonide, souvenirs de la maison close<\/strong><\/em> de Bertrand Bonello, C\u00e9line Sallette a tourn\u00e9 avec Sophia Coppola, Jacques Audiard, C\u00e9dric Khan, Costa Gavras, Tony Gatlif, C\u00e9dric Jimenez et Audrey Diwan entres autres\u2026<\/p>\n\n\n\n<p>Elle a incarn\u00e9 r\u00e9cemment pour le grand \u00e9cran In\u00e8s L\u00e9raud, une journaliste d\u2019investigation dans <em><strong>Les Algues vertes<\/strong><\/em> r\u00e9alis\u00e9 par Pierre Jolivet.<\/p>\n\n\n\n<p>Pour son premier long m\u00e9trage en tant que r\u00e9alisatrice, elle s\u2019attache \u00e0 l\u2019une des figures les plus fascinantes de l\u2019art contemporain. <em><strong>Niki <\/strong><\/em>retrace 10 ann\u00e9es fondatrices de la vie de Niki de Saint Phalle.<\/p>\n\n\n\n<hr class=\"wp-block-separator has-alpha-channel-opacity\"\/>\n\n\n\n<div class=\"wp-block-cover aligncenter\"><span aria-hidden=\"true\" class=\"wp-block-cover__background has-background-dim-10 has-background-dim\"><\/span><img loading=\"lazy\" decoding=\"async\" width=\"1024\" height=\"716\" class=\"wp-block-cover__image-background wp-image-2140\" alt=\"\" src=\"https:\/\/larptheque.larp.fr\/wp-content\/uploads\/2024\/06\/Tom-Harari-capture-credit-Marion-Bernard-1024x716.png\" data-object-fit=\"cover\" srcset=\"https:\/\/larptheque.larp.fr\/wp-content\/uploads\/2024\/06\/Tom-Harari-capture-credit-Marion-Bernard-1024x716.png 1024w, https:\/\/larptheque.larp.fr\/wp-content\/uploads\/2024\/06\/Tom-Harari-capture-credit-Marion-Bernard-300x210.png 300w, https:\/\/larptheque.larp.fr\/wp-content\/uploads\/2024\/06\/Tom-Harari-capture-credit-Marion-Bernard-768x537.png 768w, https:\/\/larptheque.larp.fr\/wp-content\/uploads\/2024\/06\/Tom-Harari-capture-credit-Marion-Bernard.png 1095w\" sizes=\"auto, (max-width: 1024px) 100vw, 1024px\" \/><div class=\"wp-block-cover__inner-container is-layout-flow wp-block-cover-is-layout-flow\">\n<p class=\"has-text-align-left has-light-gray-color has-text-color has-link-color has-medium-font-size wp-elements-7129fbaa3cb03797d419d34417f7d60d\"><strong>Tom Harari<br><\/strong>Chef op\u00e9rateur<\/p>\n\n\n\n<div style=\"height:288px\" aria-hidden=\"true\" class=\"wp-block-spacer\"><\/div>\n<\/div><\/div>\n\n\n\n<p class=\"has-medium-gray-color has-text-color has-link-color has-small-font-size wp-elements-37cd5d631252eb2a11692dde223c10d3\">\u00a9 Marion Bernard<\/p>\n\n\n\n<p>Apr\u00e8s des \u00e9tudes de cin\u00e9ma \u00e0 l\u2019Universit\u00e9, Tom Harari apprend le m\u00e9tier de directeur de la photographie en autodidacte, cadrant et \u00e9clairant de nombreux courts et moyens m\u00e9trages. <\/p>\n\n\n\n<p>Depuis 2010, il collabore avec des r\u00e9alisatrices et r\u00e9alisateurs de sa g\u00e9n\u00e9ration : <br><em><strong>Suzanne<\/strong><\/em>, <em><strong>R\u00e9parer les Vivants<\/strong><\/em>, <em><strong>Le Temps d\u2019Aimer<\/strong><\/em> de Katell Quill\u00e9v\u00e9r\u00e9,<br><em><strong>Un Monde sans femmes<\/strong><\/em>, <em><strong>Tonnerre <\/strong><\/em>de Guillaume Brac, <br><em><strong>La Bataille de Solf\u00e9rino<\/strong><\/em> de Justine Triet, <br><em><strong>Diamant Noir<\/strong><\/em>, <em><strong>Onoda<\/strong><\/em> d\u2019Arthur Harari, <br><em><strong>Le Monde de Demain<\/strong><\/em> de H\u00e9lier Cisterne et Katell Quill\u00e9v\u00e9r\u00e9, <br><em><strong>La Mer au loin<\/strong><\/em> de Sa\u00efd Hamich Benlarbi\u2026 <br><br>Mais aussi avec des cin\u00e9astes de la g\u00e9n\u00e9ration pr\u00e9c\u00e9dente : <br><em><strong>Suite Armoricaine<\/strong><\/em> de Pascale Breton, <br><em><strong>Le Lion est mort ce soir<\/strong><\/em> de Nobuhiro Suwa\u2026<\/p>\n\n\n\n<hr class=\"wp-block-separator has-alpha-channel-opacity\"\/>\n\n\n\n<div class=\"wp-block-cover aligncenter\"><span aria-hidden=\"true\" class=\"wp-block-cover__background has-background-dim-10 has-background-dim\"><\/span><img loading=\"lazy\" decoding=\"async\" width=\"695\" height=\"929\" class=\"wp-block-cover__image-background wp-image-2141\" alt=\"\" src=\"https:\/\/larptheque.larp.fr\/wp-content\/uploads\/2024\/06\/Photo-Isabelle-Madelaine.jpg\" data-object-fit=\"cover\" srcset=\"https:\/\/larptheque.larp.fr\/wp-content\/uploads\/2024\/06\/Photo-Isabelle-Madelaine.jpg 695w, https:\/\/larptheque.larp.fr\/wp-content\/uploads\/2024\/06\/Photo-Isabelle-Madelaine-224x300.jpg 224w\" sizes=\"auto, (max-width: 695px) 100vw, 695px\" \/><div class=\"wp-block-cover__inner-container is-layout-flow wp-block-cover-is-layout-flow\">\n<div style=\"height:304px\" aria-hidden=\"true\" class=\"wp-block-spacer\"><\/div>\n\n\n\n<p class=\"has-text-align-right has-medium-font-size\"><strong>Isabelle Madelaine<br><\/strong>Productrice<\/p>\n<\/div><\/div>\n\n\n\n<p>Dharamsala a \u00e9t\u00e9 cr\u00e9\u00e9e en 2001 par Isabelle Madelaine, laur\u00e9ate de la Fondation Hachette du jeune producteur et a re\u00e7u en 2013 le Prix IFCIC de la soci\u00e9t\u00e9 de production ind\u00e9pendante.<\/p>\n\n\n\n<p>La soci\u00e9t\u00e9 a produit une vingtaine de courts et moyens m\u00e9trages, parmi lesquels<strong>&nbsp;<em>Peau de Vache<\/em><\/strong>&nbsp; de G\u00e9rald Hustache-Mathieu,&nbsp;<strong><em>Cousines<\/em>&nbsp; <\/strong>de Lyes Salem et&nbsp;<em><strong>C\u2019est gratuit pour les filles<\/strong>&nbsp;<\/em>de Claire Burger et Marie Amachoukeli, qui ont respectivement remport\u00e9 le C\u00e9sar du meilleur court m\u00e9trage en 2003, 2005 et 2010.<\/p>\n\n\n\n<p>Dharamsala a \u00e9galement produit une douzaine de longs m\u00e9trages dont&nbsp;<strong><em>Poupoupidou<\/em>&nbsp;<\/strong>de G\u00e9rald Hustache-Mathieu,&nbsp;<strong><em>Mascarades<\/em>&nbsp; <\/strong>de Lyes Salem,&nbsp;<em><strong>C\u2019est \u00e7a l\u2019amour<\/strong><\/em>&nbsp; de Claire Burger,&nbsp;<strong><em>Robuste<\/em>&nbsp; <\/strong>de Constance Meyer qui a fait l\u2019ouverture de la semaine de la critique en 2021,&nbsp;<strong><em>Augustine<\/em>&nbsp; et&nbsp;<em>Proxima<\/em><\/strong>&nbsp;d\u2019Alice Winocour dont le 4\u00e8me long m\u00e9trage&nbsp;<em><strong>Revoir Paris<\/strong><\/em>&nbsp;a \u00e9t\u00e9 pr\u00e9sent\u00e9 \u00e0 la quinzaine des r\u00e9alisateurs \u00e0 Cannes et au festival de Toronto en 2022 et pour lequel Virginie Efira a remport\u00e9 le C\u00e9sar de la meilleure actrice en 2023.<\/p>\n\n\n\n<p>Isabelle Madelaine est, par ailleurs, Vice-Pr\u00e9sidente d\u00e9l\u00e9gu\u00e9e de l\u2019UPC (Union des Producteurs de Cin\u00e9ma).<\/p>\n\n\n\n<hr class=\"wp-block-separator has-alpha-channel-opacity\"\/>\n\n\n\n<div class=\"wp-block-cover aligncenter\"><span aria-hidden=\"true\" class=\"wp-block-cover__background has-background-dim-0 has-background-dim\"><\/span><img loading=\"lazy\" decoding=\"async\" width=\"875\" height=\"1024\" class=\"wp-block-cover__image-background wp-image-2170\" alt=\"\" src=\"https:\/\/larptheque.larp.fr\/wp-content\/uploads\/2024\/06\/Gilles-Granier_photo-875x1024.jpg\" data-object-fit=\"cover\" srcset=\"https:\/\/larptheque.larp.fr\/wp-content\/uploads\/2024\/06\/Gilles-Granier_photo-875x1024.jpg 875w, https:\/\/larptheque.larp.fr\/wp-content\/uploads\/2024\/06\/Gilles-Granier_photo-256x300.jpg 256w, https:\/\/larptheque.larp.fr\/wp-content\/uploads\/2024\/06\/Gilles-Granier_photo-768x899.jpg 768w, https:\/\/larptheque.larp.fr\/wp-content\/uploads\/2024\/06\/Gilles-Granier_photo.jpg 1009w\" sizes=\"auto, (max-width: 875px) 100vw, 875px\" \/><div class=\"wp-block-cover__inner-container is-layout-flow wp-block-cover-is-layout-flow\">\n<div style=\"height:351px\" aria-hidden=\"true\" class=\"wp-block-spacer\"><\/div>\n\n\n\n<p class=\"has-text-align-right has-medium-font-size\"><strong>Gilles Granier<br><\/strong>Etalonneur<\/p>\n<\/div><\/div>\n\n\n\n<p>Gilles Granier \u00e9tudie le montage en BTS \u00e0 Montpellier, puis la direction photo \u00e0 L&rsquo;ENSAV de Toulouse.<\/p>\n\n\n\n<p>Apr\u00e8s un stage aux laboratoires LTC, il bifurque vers l&rsquo;\u00e9talonnage en 2003, au moment o\u00f9 celui-ci devient num\u00e9rique. Il travaille ensuite pour Duboi color qui deviendra Technicolor.<\/p>\n\n\n\n<p>En 2014, il int\u00e8gre Le Labo Paris, une petite structure dans le centre de Paris.<\/p>\n\n\n\n<p>Il a notamment particip\u00e9 aux films <em><strong>Je verrai toujours vos visages<\/strong><\/em> de Jeanne Herry, <em><strong>Tromperie <\/strong><\/em>d\u2019Arnaud Desplechin ou encore <em><strong>Le Chant du loup<\/strong><\/em> d\u2019Antonin Baudry.<\/p>\n\n\n\n<hr class=\"wp-block-separator has-alpha-channel-opacity\"\/>\n\n\n\n<p class=\"has-text-align-left has-medium-font-size\"><strong>Animation :<\/strong><\/p>\n\n\n\n<div class=\"wp-block-cover aligncenter\"><span aria-hidden=\"true\" class=\"wp-block-cover__background has-background-dim-10 has-background-dim\"><\/span><img loading=\"lazy\" decoding=\"async\" width=\"500\" height=\"499\" class=\"wp-block-cover__image-background wp-image-1661\" alt=\"\" src=\"https:\/\/larptheque.larp.fr\/wp-content\/uploads\/2023\/04\/charpilloz-pierre.jpg\" data-object-fit=\"cover\" srcset=\"https:\/\/larptheque.larp.fr\/wp-content\/uploads\/2023\/04\/charpilloz-pierre.jpg 500w, https:\/\/larptheque.larp.fr\/wp-content\/uploads\/2023\/04\/charpilloz-pierre-300x300.jpg 300w, https:\/\/larptheque.larp.fr\/wp-content\/uploads\/2023\/04\/charpilloz-pierre-150x150.jpg 150w\" sizes=\"auto, (max-width: 500px) 100vw, 500px\" \/><div class=\"wp-block-cover__inner-container is-layout-flow wp-block-cover-is-layout-flow\">\n<div style=\"height:270px\" aria-hidden=\"true\" class=\"wp-block-spacer\"><\/div>\n\n\n\n<p class=\"has-text-align-right has-medium-font-size\"><strong>Pierre Charpilloz<\/strong><br>Journaliste et critique cin\u00e9ma<\/p>\n<\/div><\/div>\n","protected":false},"excerpt":{"rendered":"<p>Cin\u00e9astes, chefs op\u00e9rateurs, productrice et \u00e9talonneur partageront leur perception du chemin de fabrication de l\u2019image, depuis l\u2019\u00e9criture jusqu\u2019\u00e0 l\u2019\u00e9talonnage autour de projections d\u2019extraits de films. Auteur\u2013r\u00e9alisateur, Mathieu Vadepied a men\u00e9 en parall\u00e8le, \u00e0 ses d\u00e9buts, une carri\u00e8re de directeur de la photographie pour le cin\u00e9ma (Sur mes l\u00e8vres,&nbsp;Intouchables) de r\u00e9alisateur de courts-m\u00e9trages (Le Souffle,&nbsp;Mille Soleils), &hellip; <a href=\"https:\/\/larptheque.larp.fr\/index.php\/2024\/06\/05\/lundi-17-juin-a-19h30-regards-croises-sur-le-rapport-a-limage-dans-ses-dimensions-artistiques-esthetiques-et-techniques\/\" class=\"more-link\">Continuer la lecture de <span class=\"screen-reader-text\">Lundi 17 juin \u00e0 19h30 : Regards crois\u00e9s sur le rapport \u00e0 l\u2019image dans ses dimensions artistiques, esth\u00e9tiques et techniques<\/span>  <span class=\"meta-nav\">&rarr;<\/span><\/a><\/p>\n","protected":false},"author":1,"featured_media":0,"comment_status":"open","ping_status":"open","sticky":false,"template":"","format":"standard","meta":{"footnotes":""},"categories":[34],"tags":[],"class_list":["post-2137","post","type-post","status-publish","format-standard","hentry","category-les-soirees-de-la-creation"],"_links":{"self":[{"href":"https:\/\/larptheque.larp.fr\/index.php\/wp-json\/wp\/v2\/posts\/2137","targetHints":{"allow":["GET"]}}],"collection":[{"href":"https:\/\/larptheque.larp.fr\/index.php\/wp-json\/wp\/v2\/posts"}],"about":[{"href":"https:\/\/larptheque.larp.fr\/index.php\/wp-json\/wp\/v2\/types\/post"}],"author":[{"embeddable":true,"href":"https:\/\/larptheque.larp.fr\/index.php\/wp-json\/wp\/v2\/users\/1"}],"replies":[{"embeddable":true,"href":"https:\/\/larptheque.larp.fr\/index.php\/wp-json\/wp\/v2\/comments?post=2137"}],"version-history":[{"count":18,"href":"https:\/\/larptheque.larp.fr\/index.php\/wp-json\/wp\/v2\/posts\/2137\/revisions"}],"predecessor-version":[{"id":2172,"href":"https:\/\/larptheque.larp.fr\/index.php\/wp-json\/wp\/v2\/posts\/2137\/revisions\/2172"}],"wp:attachment":[{"href":"https:\/\/larptheque.larp.fr\/index.php\/wp-json\/wp\/v2\/media?parent=2137"}],"wp:term":[{"taxonomy":"category","embeddable":true,"href":"https:\/\/larptheque.larp.fr\/index.php\/wp-json\/wp\/v2\/categories?post=2137"},{"taxonomy":"post_tag","embeddable":true,"href":"https:\/\/larptheque.larp.fr\/index.php\/wp-json\/wp\/v2\/tags?post=2137"}],"curies":[{"name":"wp","href":"https:\/\/api.w.org\/{rel}","templated":true}]}}