{"id":2128,"date":"2024-06-04T09:18:25","date_gmt":"2024-06-04T09:18:25","guid":{"rendered":"https:\/\/larptheque.larp.fr\/?p=2128"},"modified":"2024-07-01T08:53:23","modified_gmt":"2024-07-01T08:53:23","slug":"soiree-de-la-creation-3-limage-au-coeur-du-processus-creatif-du-film","status":"publish","type":"post","link":"https:\/\/larptheque.larp.fr\/index.php\/2024\/06\/04\/soiree-de-la-creation-3-limage-au-coeur-du-processus-creatif-du-film\/","title":{"rendered":"Soir\u00e9e de la Cr\u00e9ation #3 &#8211; L&rsquo;image, au c\u0153ur du processus cr\u00e9atif du film"},"content":{"rendered":"\n<figure class=\"wp-block-image size-large\"><img loading=\"lazy\" decoding=\"async\" width=\"1024\" height=\"576\" src=\"https:\/\/larptheque.larp.fr\/wp-content\/uploads\/2024\/04\/Soirees-de-la-creation-All-formats-20245-1024x576.jpg\" alt=\"\" class=\"wp-image-2024\" srcset=\"https:\/\/larptheque.larp.fr\/wp-content\/uploads\/2024\/04\/Soirees-de-la-creation-All-formats-20245-1024x576.jpg 1024w, https:\/\/larptheque.larp.fr\/wp-content\/uploads\/2024\/04\/Soirees-de-la-creation-All-formats-20245-300x169.jpg 300w, https:\/\/larptheque.larp.fr\/wp-content\/uploads\/2024\/04\/Soirees-de-la-creation-All-formats-20245-768x432.jpg 768w, https:\/\/larptheque.larp.fr\/wp-content\/uploads\/2024\/04\/Soirees-de-la-creation-All-formats-20245-1536x864.jpg 1536w, https:\/\/larptheque.larp.fr\/wp-content\/uploads\/2024\/04\/Soirees-de-la-creation-All-formats-20245-2048x1152.jpg 2048w\" sizes=\"auto, (max-width: 1024px) 100vw, 1024px\" \/><\/figure>\n\n\n\n<p><strong>Cette troisi\u00e8me Soir\u00e9e de la Cr\u00e9ation 2024 a r\u00e9uni cin\u00e9astes, chefs op\u00e9rateurs, productrice et \u00e9talonneur, pour un regard crois\u00e9 sur leur rapport \u00e0 l\u2019image dans ses dimensions artistiques, esth\u00e9tiques et techniques.<\/strong><\/p>\n\n\n\n<p>\u00c0 travers leurs t\u00e9moignages et autour de projections d&rsquo;extraits de films, ils et elles ont partag\u00e9 leur perception du chemin de fabrication de l\u2019image, depuis l\u2019\u00e9criture jusqu\u2019\u00e0 l\u2019\u00e9talonnage.<\/p>\n\n\n\n<p>Avec :<\/p>\n\n\n\n<ul class=\"wp-block-list\">\n<li><strong><a href=\"https:\/\/larptheque.larp.fr\/index.php\/2024\/06\/05\/lundi-17-juin-a-19h30-regards-croises-sur-le-rapport-a-limage-dans-ses-dimensions-artistiques-esthetiques-et-techniques\/\" target=\"_blank\" rel=\"noreferrer noopener\">Mathieu Vadepied<\/a><\/strong>&nbsp;&#8211; Cin\u00e9aste de L\u2019ARP (<em>La Vie en grand, Tirailleurs\u2026<\/em>), chef op\u00e9rateur, directeur artistique (<em>Intouchables, Le Sens de la f\u00eate, Hors normes\u2026<\/em>)<br><\/li>\n\n\n\n<li><strong><a href=\"https:\/\/larptheque.larp.fr\/index.php\/2024\/06\/05\/lundi-17-juin-a-19h30-regards-croises-sur-le-rapport-a-limage-dans-ses-dimensions-artistiques-esthetiques-et-techniques\/\" target=\"_blank\" rel=\"noreferrer noopener\">C\u00e9line Sallette<\/a><\/strong>&nbsp;&#8211; Com\u00e9dienne, cin\u00e9aste (<em>Niki<\/em>, s\u00e9lection Cannes 2024 Un Certain Regard)<br><\/li>\n\n\n\n<li><strong><a href=\"https:\/\/larptheque.larp.fr\/index.php\/2024\/06\/05\/lundi-17-juin-a-19h30-regards-croises-sur-le-rapport-a-limage-dans-ses-dimensions-artistiques-esthetiques-et-techniques\/\" target=\"_blank\" rel=\"noreferrer noopener\">Tom Harari<\/a>&nbsp;<\/strong>&#8211; Chef op\u00e9rateur (<em>R\u00e9parer les vivants<\/em>,&nbsp;<em>Onoda &#8211; 10 000 nuits dans la jungle, Le Monde de demain<\/em>\u2026)<br><\/li>\n\n\n\n<li><strong><a href=\"https:\/\/larptheque.larp.fr\/index.php\/2024\/06\/05\/lundi-17-juin-a-19h30-regards-croises-sur-le-rapport-a-limage-dans-ses-dimensions-artistiques-esthetiques-et-techniques\/\" target=\"_blank\" rel=\"noreferrer noopener\">Isabelle Madelaine<\/a><\/strong>&nbsp;&#8211; Productrice Dharamsala (<em>Revoir Paris, Proxima, C&rsquo;est \u00e7a l&rsquo;amour, Maryland\u2026<\/em>)<br><\/li>\n\n\n\n<li><strong><a href=\"https:\/\/larptheque.larp.fr\/index.php\/2024\/06\/05\/lundi-17-juin-a-19h30-regards-croises-sur-le-rapport-a-limage-dans-ses-dimensions-artistiques-esthetiques-et-techniques\/\" target=\"_blank\" rel=\"noreferrer noopener\">Gilles Granier<\/a><\/strong>&nbsp;&#8211; Etalonneur (<em>Je verrai toujours vos visages, Tromperie, Le Chant du loup&#8230;<\/em>)<br><\/li>\n<\/ul>\n\n\n\n<p>Anim\u00e9e par&nbsp;<strong><a href=\"https:\/\/larptheque.larp.fr\/index.php\/2024\/06\/05\/lundi-17-juin-a-19h30-regards-croises-sur-le-rapport-a-limage-dans-ses-dimensions-artistiques-esthetiques-et-techniques\/\" target=\"_blank\" rel=\"noreferrer noopener\">Pierre Charpilloz<\/a><\/strong>, journaliste et critique cin\u00e9ma.&nbsp;<\/p>\n\n\n\n<p>Ensemble, ils ont r\u00e9pondu \u00e0 tant de questions qui irriguent, nourrissent et d\u00e9finissent l\u2019image et la dimension visuelle d\u2019un film :\u00a0<em>Pourquoi et comment l\u2019image constitue-t-elle un des points de d\u00e9part et d\u2019aboutissement du processus cr\u00e9atif d\u2019un film ? Comment incarner visuellement le d\u00e9sir d\u2019un.e cin\u00e9aste ? Comment l\u2019image se fabrique-t-elle ? Quelles dimensions comporte-t-elle ? Comment se met-elle au service du r\u00e9cit ? Comment inspire-t-elle et nourrit-elle les \u00e9l\u00e9ments visuels du film (d\u00e9cors, costumes, carnations&#8230;) ? Comment incarne-t-elle le sens de la narration, la dramaturgie, le rythme, la mise en sc\u00e8ne, le choix des d\u00e9cors, les personnages ? Quel est son rapport au son dans son \u00e9laboration sur l\u2019ensemble du processus ?&#8230;<\/em><\/p>\n\n\n\n<hr class=\"wp-block-separator has-alpha-channel-opacity\"\/>\n\n\n\n<figure class=\"wp-block-embed is-type-video is-provider-youtube wp-block-embed-youtube wp-embed-aspect-16-9 wp-has-aspect-ratio\"><div class=\"wp-block-embed__wrapper\">\n<iframe loading=\"lazy\" title=\"Soir\u00e9e de la cr\u00e9ation #3 - L&#039;image au c\u0153ur du processus cr\u00e9atif du film\" width=\"474\" height=\"267\" src=\"https:\/\/www.youtube.com\/embed\/OBBTcPktJek?feature=oembed\" frameborder=\"0\" allow=\"accelerometer; autoplay; clipboard-write; encrypted-media; gyroscope; picture-in-picture; web-share\" referrerpolicy=\"strict-origin-when-cross-origin\" allowfullscreen><\/iframe>\n<\/div><\/figure>\n\n\n\n<hr class=\"wp-block-separator has-alpha-channel-opacity\"\/>\n\n\n\n<p class=\"has-text-align-center has-white-color has-text-color has-background has-link-color wp-elements-b0fd860988bada006969a5cae4c97e62\" style=\"background-color:#f04e01;font-size:19px;text-transform:uppercase\"><a href=\"https:\/\/flic.kr\/s\/aHBqjBvHm9\"><strong>Revivez la soir\u00e9e en images<\/strong><\/a><\/p>\n\n\n\n<p class=\"has-text-align-center\"><em>Cr\u00e9dit photos : Susy Lagrange<\/em><\/p>\n\n\n<div class=\"wp-block-image\">\n<figure class=\"aligncenter size-full\"><img loading=\"lazy\" decoding=\"async\" width=\"511\" height=\"769\" src=\"https:\/\/larptheque.larp.fr\/wp-content\/uploads\/2024\/07\/Capture-decran-2024-06-28-112833.png\" alt=\"\" class=\"wp-image-2214\" srcset=\"https:\/\/larptheque.larp.fr\/wp-content\/uploads\/2024\/07\/Capture-decran-2024-06-28-112833.png 511w, https:\/\/larptheque.larp.fr\/wp-content\/uploads\/2024\/07\/Capture-decran-2024-06-28-112833-199x300.png 199w\" sizes=\"auto, (max-width: 511px) 100vw, 511px\" \/><\/figure>\n<\/div>\n\n\n<p class=\"has-text-align-center\"><\/p>\n\n\n\n<figure class=\"wp-block-image size-large\"><img loading=\"lazy\" decoding=\"async\" width=\"1024\" height=\"724\" src=\"https:\/\/larptheque.larp.fr\/wp-content\/uploads\/2024\/06\/Soiree-de-la-Creation-3-avec-logos-FILMO-et-AFC-1024x724.png\" alt=\"\" class=\"wp-image-2130\" srcset=\"https:\/\/larptheque.larp.fr\/wp-content\/uploads\/2024\/06\/Soiree-de-la-Creation-3-avec-logos-FILMO-et-AFC-1024x724.png 1024w, https:\/\/larptheque.larp.fr\/wp-content\/uploads\/2024\/06\/Soiree-de-la-Creation-3-avec-logos-FILMO-et-AFC-300x212.png 300w, https:\/\/larptheque.larp.fr\/wp-content\/uploads\/2024\/06\/Soiree-de-la-Creation-3-avec-logos-FILMO-et-AFC-768x543.png 768w, https:\/\/larptheque.larp.fr\/wp-content\/uploads\/2024\/06\/Soiree-de-la-Creation-3-avec-logos-FILMO-et-AFC-1536x1086.png 1536w, https:\/\/larptheque.larp.fr\/wp-content\/uploads\/2024\/06\/Soiree-de-la-Creation-3-avec-logos-FILMO-et-AFC.png 2048w\" sizes=\"auto, (max-width: 1024px) 100vw, 1024px\" \/><\/figure>\n\n\n\n<hr class=\"wp-block-separator has-alpha-channel-opacity\"\/>\n","protected":false},"excerpt":{"rendered":"<p>Cette troisi\u00e8me Soir\u00e9e de la Cr\u00e9ation 2024 a r\u00e9uni cin\u00e9astes, chefs op\u00e9rateurs, productrice et \u00e9talonneur, pour un regard crois\u00e9 sur leur rapport \u00e0 l\u2019image dans ses dimensions artistiques, esth\u00e9tiques et techniques. \u00c0 travers leurs t\u00e9moignages et autour de projections d&rsquo;extraits de films, ils et elles ont partag\u00e9 leur perception du chemin de fabrication de l\u2019image, &hellip; <a href=\"https:\/\/larptheque.larp.fr\/index.php\/2024\/06\/04\/soiree-de-la-creation-3-limage-au-coeur-du-processus-creatif-du-film\/\" class=\"more-link\">Continuer la lecture de <span class=\"screen-reader-text\">Soir\u00e9e de la Cr\u00e9ation #3 &#8211; L&rsquo;image, au c\u0153ur du processus cr\u00e9atif du film<\/span>  <span class=\"meta-nav\">&rarr;<\/span><\/a><\/p>\n","protected":false},"author":1,"featured_media":0,"comment_status":"open","ping_status":"open","sticky":false,"template":"","format":"standard","meta":{"footnotes":""},"categories":[34],"tags":[],"class_list":["post-2128","post","type-post","status-publish","format-standard","hentry","category-les-soirees-de-la-creation"],"_links":{"self":[{"href":"https:\/\/larptheque.larp.fr\/index.php\/wp-json\/wp\/v2\/posts\/2128","targetHints":{"allow":["GET"]}}],"collection":[{"href":"https:\/\/larptheque.larp.fr\/index.php\/wp-json\/wp\/v2\/posts"}],"about":[{"href":"https:\/\/larptheque.larp.fr\/index.php\/wp-json\/wp\/v2\/types\/post"}],"author":[{"embeddable":true,"href":"https:\/\/larptheque.larp.fr\/index.php\/wp-json\/wp\/v2\/users\/1"}],"replies":[{"embeddable":true,"href":"https:\/\/larptheque.larp.fr\/index.php\/wp-json\/wp\/v2\/comments?post=2128"}],"version-history":[{"count":16,"href":"https:\/\/larptheque.larp.fr\/index.php\/wp-json\/wp\/v2\/posts\/2128\/revisions"}],"predecessor-version":[{"id":2216,"href":"https:\/\/larptheque.larp.fr\/index.php\/wp-json\/wp\/v2\/posts\/2128\/revisions\/2216"}],"wp:attachment":[{"href":"https:\/\/larptheque.larp.fr\/index.php\/wp-json\/wp\/v2\/media?parent=2128"}],"wp:term":[{"taxonomy":"category","embeddable":true,"href":"https:\/\/larptheque.larp.fr\/index.php\/wp-json\/wp\/v2\/categories?post=2128"},{"taxonomy":"post_tag","embeddable":true,"href":"https:\/\/larptheque.larp.fr\/index.php\/wp-json\/wp\/v2\/tags?post=2128"}],"curies":[{"name":"wp","href":"https:\/\/api.w.org\/{rel}","templated":true}]}}