{"id":2060,"date":"2024-04-25T15:19:45","date_gmt":"2024-04-25T15:19:45","guid":{"rendered":"https:\/\/larptheque.larp.fr\/?p=2060"},"modified":"2024-04-29T13:11:33","modified_gmt":"2024-04-29T13:11:33","slug":"19h30-conversation-entre-cedric-kahn-et-yann-dedet-partage-dexperiences-dun-celebre-binome-cineaste-monteur","status":"publish","type":"post","link":"https:\/\/larptheque.larp.fr\/index.php\/2024\/04\/25\/19h30-conversation-entre-cedric-kahn-et-yann-dedet-partage-dexperiences-dun-celebre-binome-cineaste-monteur\/","title":{"rendered":"19h30\u00a0: Conversation entre C\u00e9dric Kahn et Yann Dedet."},"content":{"rendered":"\n<p class=\"has-medium-font-size\"><em><strong>Partage d\u2019exp\u00e9riences d\u2019un c\u00e9l\u00e8bre bin\u00f4me cin\u00e9aste-monteur<\/strong><\/em><\/p>\n\n\n\n<p>C\u00e9dric Kahn et Yann Dedet travaillent ensemble depuis pr\u00e8s de 40 ans. C\u00e9dric Kahn a \u00e9t\u00e9 stagiaire puis assistant de Yann Dedet, qui, \u00e0 son tour, a mont\u00e9 7 films de C\u00e9dric Kahn.&nbsp;<\/p>\n\n\n\n<p>Ils se sont trouv\u00e9s, ont tourn\u00e9 et mont\u00e9, se sont quitt\u00e9s, se sont retrouv\u00e9s\u2026 \u00c0 travers cette conversation, ils partageront leur rapport au montage, leur collaboration et leur complicit\u00e9 dans ce compagnonnage au long court.<\/p>\n\n\n\n<div class=\"wp-block-cover is-light\"><span aria-hidden=\"true\" class=\"wp-block-cover__background has-background-dim-30 has-background-dim\" style=\"background-color:#9d9daa\"><\/span><img loading=\"lazy\" decoding=\"async\" width=\"471\" height=\"375\" class=\"wp-block-cover__image-background wp-image-2062\" alt=\"\" src=\"https:\/\/larptheque.larp.fr\/wp-content\/uploads\/2024\/04\/photo-CK-1.png\" data-object-fit=\"cover\" srcset=\"https:\/\/larptheque.larp.fr\/wp-content\/uploads\/2024\/04\/photo-CK-1.png 471w, https:\/\/larptheque.larp.fr\/wp-content\/uploads\/2024\/04\/photo-CK-1-300x239.png 300w\" sizes=\"auto, (max-width: 471px) 100vw, 471px\" \/><div class=\"wp-block-cover__inner-container is-layout-constrained wp-block-cover-is-layout-constrained\">\n<p class=\"has-text-align-center has-large-font-size\"><\/p>\n\n\n\n<div style=\"height:225px\" aria-hidden=\"true\" class=\"wp-block-spacer\"><\/div>\n\n\n\n<p class=\"has-text-align-center has-white-color has-text-color has-link-color has-large-font-size wp-elements-77796034f4e5c02e3f0440ea842e3a62\"><br><strong>C\u00e9dric Kahn<\/strong> <br>Cin\u00e9aste, Com\u00e9dien<\/p>\n<\/div><\/div>\n\n\n\n<p class=\"has-text-align-left\">C\u00e9dric Kahn d\u00e9bute comme stagiaire-monteur pour le film&nbsp;<em><strong>Sous le soleil de Satan<\/strong><\/em>&nbsp;de Maurice Pialat, aux c\u00f4t\u00e9s de Yann Dedet, puis r\u00e9alise son premier court m\u00e9trage&nbsp;<em><strong>Les Derni\u00e8res Heures du mill\u00e9naire<\/strong><\/em>&nbsp;en 1990. <br>Deux ans plus tard, il pr\u00e9sente au Festival Premiers Plans son premier long m\u00e9trage&nbsp;<em><strong>Bar des rails<\/strong><\/em>&nbsp;qui sera ensuite s\u00e9lectionn\u00e9 \u00e0 la Semaine de la Critique de Venise. <br>Il re\u00e7oit le prix Jean Vigo avec <em><strong>Trop de bonheur<\/strong><\/em> en 1994 et le prix Louis-Delluc avec <strong><em>L&rsquo;Ennui<\/em> <\/strong>en 1998.<br>Il entre en comp\u00e9tition au Festival de Cannes en 2001 avec&nbsp;<em><strong>Roberto Succo<\/strong><\/em>&nbsp;puis r\u00e9alise&nbsp;<strong><em>Feux rouges<\/em>&nbsp;<\/strong>qui est pr\u00e9sent\u00e9 en comp\u00e9tition \u00e0 la Berlinale en 2004. <br>En 2014, il obtient le Prix sp\u00e9cial du Jury au Festival de San Sebasti\u00e1n pour&nbsp;<em><strong>Vie sauvage<\/strong><\/em>.<br> En 2018, son acteur principal Anthony Bajon se voit r\u00e9compens\u00e9 par l\u2019Ours d\u2019argent du meilleur com\u00e9dien au Festival de Berlin pour le film&nbsp;<em><strong>La Pri\u00e8re<\/strong><\/em>. <br>L&rsquo;ann\u00e9e suivante, il r\u00e9unit Catherine Deneuve, Emmanuelle Bercot et Vincent Macaigne pour une&nbsp;<em><strong>F\u00eate de famille<\/strong><\/em>&nbsp;n\u00e9vrotique, dans laquelle il s&rsquo;offre un r\u00f4le.<br>En 2023, il ouvre la Quinzaine des Cin\u00e9astes avec<strong>&nbsp;<em>Le Proc\u00e8s Goldman<\/em><\/strong>, consacr\u00e9 au second proc\u00e8s du militant d\u2019extr\u00eame gauche Pierre Goldman, jug\u00e9 pour braquage et meurtre. Ce huis clos intense, port\u00e9 par la prestation habit\u00e9e d&rsquo;Arieh Worthalter, emballe la critique.<br>En parall\u00e8le \u00e0 sa carri\u00e8re de cin\u00e9aste, C\u00e9dric Kahn est aussi acteur, d\u00e9butant devant la cam\u00e9ra de&nbsp;Xavier Beauvois&nbsp;dans&nbsp;<em><strong>N&rsquo;oublie pas que tu vas mourir<\/strong><\/em>, et poursuivant devant celles d&rsquo;Elie Wajeman&nbsp;(<em><strong>Les Anarchistes<\/strong><\/em>),&nbsp;Joachim Lafosse&nbsp;(<em><strong>L&rsquo;\u00e9conomie du couple<\/strong><\/em>),&nbsp;Pawel Pawlikowski&nbsp;(<em><strong>Cold War<\/strong><\/em>), ou encore&nbsp;C\u00e9dric Jimenez&nbsp;(<em><strong>Novembre<\/strong><\/em>).<\/p>\n\n\n\n<div class=\"wp-block-cover\"><span aria-hidden=\"true\" class=\"wp-block-cover__background has-background-dim-30 has-background-dim\" style=\"background-color:#794344\"><\/span><img loading=\"lazy\" decoding=\"async\" width=\"628\" height=\"940\" class=\"wp-block-cover__image-background wp-image-2063\" alt=\"\" src=\"https:\/\/larptheque.larp.fr\/wp-content\/uploads\/2024\/04\/Capture-decran-2024-04-25-164235.png\" data-object-fit=\"cover\" srcset=\"https:\/\/larptheque.larp.fr\/wp-content\/uploads\/2024\/04\/Capture-decran-2024-04-25-164235.png 628w, https:\/\/larptheque.larp.fr\/wp-content\/uploads\/2024\/04\/Capture-decran-2024-04-25-164235-200x300.png 200w\" sizes=\"auto, (max-width: 628px) 100vw, 628px\" \/><div class=\"wp-block-cover__inner-container is-layout-constrained wp-block-cover-is-layout-constrained\">\n<div style=\"height:225px\" aria-hidden=\"true\" class=\"wp-block-spacer\"><\/div>\n\n\n\n<p><\/p>\n\n\n\n<p><\/p>\n\n\n\n<p><\/p>\n\n\n\n<p><\/p>\n\n\n\n<p class=\"has-text-align-center has-large-font-size\"><strong>Yann Dedet<\/strong>,<br>Monteur, Cin\u00e9aste, \u00c9crivain<\/p>\n<\/div><\/div>\n\n\n\n<p class=\"has-medium-gray-color has-text-color has-link-color has-small-font-size wp-elements-5ffe4f694c29b3256ef8dbb9c8966bd5\">\u00a9 Lilian Heliot &#8211; ENS Louis Lumiere pour l&rsquo;acad\u00e9mie des C\u00e9sar 2024<\/p>\n\n\n\n<p>Au cours d&rsquo;un demi-si\u00e8cle&nbsp;Yann Dedet&nbsp;a&nbsp;mont\u00e9&nbsp;plus de cent films. Stagiaire pendant six mois au laboratoire&nbsp;LTC en 1965, c\u2019est en 1967 qu&rsquo;il est assistant-monteur&nbsp;sur <strong><em>La Mari\u00e9e \u00e9tait en noir<\/em> <\/strong>de Fran\u00e7ois Truffaut&nbsp;avec la monteuse Claudine Bouch\u00e9.<br>La rencontre avec Truffaut est d\u00e9cisive, il sera \u00e0 partir de 1971 le monteur de cinq de ses films. Puis il travaillera pour de nombreux r\u00e9alisateurs et r\u00e9alisatrices, Jean-Fran\u00e7ois St\u00e9venin, Du\u0161an Makavejev, Maurice Pialat, Philippe Garrel, Amos Gita\u00ef, Manuel Poirier, Laurence Ferreira-Barbosa, Claire Denis, Joachim Lafosse, S\u00e9bastien Lifshitz et C\u00e9dric Kahn.&nbsp;<br>Il sera tr\u00e8s peu acteur. Puis sc\u00e9nariste\/r\u00e9alisateur de deux court-m\u00e9trages, d&rsquo;un film de fiction ainsi que de cinq documentaires sur le Japon (agr\u00e9ment\u00e9s d&rsquo;un D.U. de langue japonaise et d&rsquo;une ceinture noire 2\u00e8me dan de karat\u00e9). Et enfin auteur de trois ouvrages, \u00e9dit\u00e9s chez P.O.L, centr\u00e9s sur le montage et la vie,<em> <strong>Le Point de vue du lapin<\/strong><\/em>, <em><strong>Le Spectateur z\u00e9ro<\/strong><\/em> et <em><strong>Le Principe du clap<\/strong><\/em>.<\/p>\n\n\n\n<p><strong>Animation : <\/strong><\/p>\n\n\n\n<div class=\"wp-block-cover is-light\"><span aria-hidden=\"true\" class=\"wp-block-cover__background has-background-dim-30 has-background-dim\" style=\"background-color:#989898\"><\/span><img loading=\"lazy\" decoding=\"async\" width=\"2560\" height=\"2487\" class=\"wp-block-cover__image-background wp-image-2064\" alt=\"\" src=\"https:\/\/larptheque.larp.fr\/wp-content\/uploads\/2024\/04\/credit-Nicolas-Guerin-scaled.jpg\" data-object-fit=\"cover\" srcset=\"https:\/\/larptheque.larp.fr\/wp-content\/uploads\/2024\/04\/credit-Nicolas-Guerin-scaled.jpg 2560w, https:\/\/larptheque.larp.fr\/wp-content\/uploads\/2024\/04\/credit-Nicolas-Guerin-300x291.jpg 300w, https:\/\/larptheque.larp.fr\/wp-content\/uploads\/2024\/04\/credit-Nicolas-Guerin-1024x995.jpg 1024w, https:\/\/larptheque.larp.fr\/wp-content\/uploads\/2024\/04\/credit-Nicolas-Guerin-768x746.jpg 768w, https:\/\/larptheque.larp.fr\/wp-content\/uploads\/2024\/04\/credit-Nicolas-Guerin-1536x1492.jpg 1536w, https:\/\/larptheque.larp.fr\/wp-content\/uploads\/2024\/04\/credit-Nicolas-Guerin-2048x1989.jpg 2048w\" sizes=\"auto, (max-width: 2560px) 100vw, 2560px\" \/><div class=\"wp-block-cover__inner-container is-layout-constrained wp-block-cover-is-layout-constrained\">\n<div style=\"height:225px\" aria-hidden=\"true\" class=\"wp-block-spacer\"><\/div>\n\n\n\n<p class=\"has-text-align-center has-white-color has-text-color has-link-color has-large-font-size wp-elements-721c39d83bee3e443d572d046b64ba0a\"><br><br><strong>N.T Binh<\/strong>,<br>Monteur, Cin\u00e9aste, \u00c9crivain<\/p>\n<\/div><\/div>\n\n\n\n<p class=\"has-medium-gray-color has-text-color has-link-color wp-elements-edc41dc068f98cc402dcfb0cf1aa3dca\">\u00a9 Nicolas Gu\u00e9rin<\/p>\n\n\n\n<p>Membre du comit\u00e9 de r\u00e9daction de la revue&nbsp;<em>Positif<\/em>&nbsp;sous la plume de Yann Tobin,&nbsp;ancien ma\u00eetre de conf\u00e9rences en \u00e9tudes cin\u00e9matographiques \u00e0 l\u2019\u00c9cole des arts de la Sorbonne (Universit\u00e9 Paris 1), auteur et r\u00e9alisateur de documentaires (notamment sur le cin\u00e9ma britannique, Claude Sautet, Ernst Lubitsch), commissaire d\u2019expositions sur le cin\u00e9ma. Auteur, co-auteur ou directeur d\u2019une vingtaine d\u2019ouvrages, trois fois laur\u00e9at du prix du Syndicat fran\u00e7ais de la critique de cin\u00e9ma (1991, 2005, 2010), prix de l\u2019Union des Journalistes de Cin\u00e9ma 2018 du meilleur entretien (2018).<\/p>\n\n\n\n<p><\/p>\n","protected":false},"excerpt":{"rendered":"<p>Partage d\u2019exp\u00e9riences d\u2019un c\u00e9l\u00e8bre bin\u00f4me cin\u00e9aste-monteur C\u00e9dric Kahn et Yann Dedet travaillent ensemble depuis pr\u00e8s de 40 ans. C\u00e9dric Kahn a \u00e9t\u00e9 stagiaire puis assistant de Yann Dedet, qui, \u00e0 son tour, a mont\u00e9 7 films de C\u00e9dric Kahn.&nbsp; Ils se sont trouv\u00e9s, ont tourn\u00e9 et mont\u00e9, se sont quitt\u00e9s, se sont retrouv\u00e9s\u2026 \u00c0 travers &hellip; <a href=\"https:\/\/larptheque.larp.fr\/index.php\/2024\/04\/25\/19h30-conversation-entre-cedric-kahn-et-yann-dedet-partage-dexperiences-dun-celebre-binome-cineaste-monteur\/\" class=\"more-link\">Continuer la lecture de <span class=\"screen-reader-text\">19h30\u00a0: Conversation entre C\u00e9dric Kahn et Yann Dedet.<\/span>  <span class=\"meta-nav\">&rarr;<\/span><\/a><\/p>\n","protected":false},"author":1,"featured_media":0,"comment_status":"open","ping_status":"open","sticky":false,"template":"","format":"standard","meta":{"footnotes":""},"categories":[34],"tags":[],"class_list":["post-2060","post","type-post","status-publish","format-standard","hentry","category-les-soirees-de-la-creation"],"_links":{"self":[{"href":"https:\/\/larptheque.larp.fr\/index.php\/wp-json\/wp\/v2\/posts\/2060","targetHints":{"allow":["GET"]}}],"collection":[{"href":"https:\/\/larptheque.larp.fr\/index.php\/wp-json\/wp\/v2\/posts"}],"about":[{"href":"https:\/\/larptheque.larp.fr\/index.php\/wp-json\/wp\/v2\/types\/post"}],"author":[{"embeddable":true,"href":"https:\/\/larptheque.larp.fr\/index.php\/wp-json\/wp\/v2\/users\/1"}],"replies":[{"embeddable":true,"href":"https:\/\/larptheque.larp.fr\/index.php\/wp-json\/wp\/v2\/comments?post=2060"}],"version-history":[{"count":5,"href":"https:\/\/larptheque.larp.fr\/index.php\/wp-json\/wp\/v2\/posts\/2060\/revisions"}],"predecessor-version":[{"id":2092,"href":"https:\/\/larptheque.larp.fr\/index.php\/wp-json\/wp\/v2\/posts\/2060\/revisions\/2092"}],"wp:attachment":[{"href":"https:\/\/larptheque.larp.fr\/index.php\/wp-json\/wp\/v2\/media?parent=2060"}],"wp:term":[{"taxonomy":"category","embeddable":true,"href":"https:\/\/larptheque.larp.fr\/index.php\/wp-json\/wp\/v2\/categories?post=2060"},{"taxonomy":"post_tag","embeddable":true,"href":"https:\/\/larptheque.larp.fr\/index.php\/wp-json\/wp\/v2\/tags?post=2060"}],"curies":[{"name":"wp","href":"https:\/\/api.w.org\/{rel}","templated":true}]}}