{"id":199,"date":"2021-08-30T10:37:58","date_gmt":"2021-08-30T10:37:58","guid":{"rendered":"https:\/\/larptheque.larp.fr\/?p=199"},"modified":"2023-03-14T17:26:28","modified_gmt":"2023-03-14T17:26:28","slug":"18h-etre-cineaste-et-comedien","status":"publish","type":"post","link":"https:\/\/larptheque.larp.fr\/index.php\/2021\/08\/30\/18h-etre-cineaste-et-comedien\/","title":{"rendered":"18h : \u00caTRE CIN\u00c9ASTE ET COM\u00c9DIEN"},"content":{"rendered":"\n<p>D\u00e8s l\u2019\u00e9criture du sc\u00e9nario, le lien entre cin\u00e9aste et acteur est au c\u0153ur du projet. Un auteur-r\u00e9alisateur \u00e9crit-il un r\u00f4le \u00ab&nbsp;pour&nbsp;\u00bb un acteur&nbsp;? Pourquoi tourner plusieurs fois avec le m\u00eame com\u00e9dien&nbsp;? Comment le com\u00e9dien travaille-t-il avec son cin\u00e9aste&nbsp;? Dans quelle mesure peut-il influer sur l\u2019\u00e9criture du personnage et improviser face \u00e0 un&nbsp; sc\u00e9nario \u00e9crit&nbsp;? Quel est le r\u00f4le des \u00ab&nbsp;coach&nbsp;\u00bb de jeu&nbsp;dans la direction d\u2019acteur&nbsp;? Est-il n\u00e9cessaire de conna\u00eetre un acteur pour bien savoir le diriger&nbsp;? Est-ce diff\u00e9rent de travailler avec un com\u00e9dien \u00ab&nbsp;star&nbsp;\u00bb&nbsp;?<\/p>\n\n\n\n<p><strong>En replay : <\/strong><\/p>\n\n\n\n<figure class=\"wp-block-embed is-type-video is-provider-youtube wp-block-embed-youtube wp-embed-aspect-16-9 wp-has-aspect-ratio\"><div class=\"wp-block-embed__wrapper\">\n<iframe loading=\"lazy\" title=\"#Cr\u00e9aARP19 D\u00e9bat ETRE CIN\u00c9ASTE ET COM\u00c9DIEN\" width=\"474\" height=\"267\" src=\"https:\/\/www.youtube.com\/embed\/LovvznzUSug?feature=oembed\" frameborder=\"0\" allow=\"accelerometer; autoplay; clipboard-write; encrypted-media; gyroscope; picture-in-picture; web-share\" referrerpolicy=\"strict-origin-when-cross-origin\" allowfullscreen><\/iframe>\n<\/div><\/figure>\n\n\n\n<p><strong>Avec :<\/strong><\/p>\n\n\n\n<div class=\"wp-block-cover aligncenter\"><span aria-hidden=\"true\" class=\"wp-block-cover__background has-background-dim\"><\/span><img loading=\"lazy\" decoding=\"async\" width=\"821\" height=\"1023\" class=\"wp-block-cover__image-background wp-image-581\" alt=\"\" src=\"https:\/\/larptheque.larp.fr\/wp-content\/uploads\/2021\/09\/PASCAL-ELBE.jpg\" style=\"object-position:64% 100%\" data-object-fit=\"cover\" data-object-position=\"64% 100%\" srcset=\"https:\/\/larptheque.larp.fr\/wp-content\/uploads\/2021\/09\/PASCAL-ELBE.jpg 821w, https:\/\/larptheque.larp.fr\/wp-content\/uploads\/2021\/09\/PASCAL-ELBE-241x300.jpg 241w, https:\/\/larptheque.larp.fr\/wp-content\/uploads\/2021\/09\/PASCAL-ELBE-768x957.jpg 768w\" sizes=\"auto, (max-width: 821px) 100vw, 821px\" \/><div class=\"wp-block-cover__inner-container is-layout-flow wp-block-cover-is-layout-flow\">\n<p class=\"has-text-align-center has-large-font-size\"> <\/p>\n\n\n\n<div style=\"height:127px\" aria-hidden=\"true\" class=\"wp-block-spacer\"><\/div>\n\n\n\n<p class=\"has-text-align-center has-large-font-size\"><strong>Pascal Elb\u00e9<\/strong>,<br>Acteur, Cin\u00e9aste de L\u2019ARP <\/p>\n<\/div><\/div>\n\n\n\n<div style=\"height:25px\" aria-hidden=\"true\" class=\"wp-block-spacer\"><\/div>\n\n\n\n<div class=\"wp-block-cover aligncenter is-light\"><span aria-hidden=\"true\" class=\"wp-block-cover__background has-background-dim\"><\/span><img loading=\"lazy\" decoding=\"async\" width=\"677\" height=\"960\" class=\"wp-block-cover__image-background wp-image-583\" alt=\"\" src=\"https:\/\/larptheque.larp.fr\/wp-content\/uploads\/2021\/09\/Anne_Le_Ny_-photo-Georges-Biard.jpg\" style=\"object-position:57% 65%\" data-object-fit=\"cover\" data-object-position=\"57% 65%\" srcset=\"https:\/\/larptheque.larp.fr\/wp-content\/uploads\/2021\/09\/Anne_Le_Ny_-photo-Georges-Biard.jpg 677w, https:\/\/larptheque.larp.fr\/wp-content\/uploads\/2021\/09\/Anne_Le_Ny_-photo-Georges-Biard-212x300.jpg 212w\" sizes=\"auto, (max-width: 677px) 100vw, 677px\" \/><div class=\"wp-block-cover__inner-container is-layout-flow wp-block-cover-is-layout-flow\">\n<p class=\"has-text-align-center has-large-font-size\"> <\/p>\n\n\n\n<div style=\"height:128px\" aria-hidden=\"true\" class=\"wp-block-spacer\"><\/div>\n\n\n\n<p class=\"has-text-align-center has-white-color has-text-color has-large-font-size\"><strong>Anne Le Ny<\/strong>,<br>Actrice, R\u00e9alisatrice<\/p>\n<\/div><\/div>\n\n\n\n<p class=\"has-small-font-size\"><em>\u00a9<\/em> Georges Biard<\/p>\n\n\n\n<div class=\"wp-block-cover aligncenter is-light\"><span aria-hidden=\"true\" class=\"wp-block-cover__background has-background-dim\"><\/span><img loading=\"lazy\" decoding=\"async\" width=\"740\" height=\"608\" class=\"wp-block-cover__image-background wp-image-585\" alt=\"\" src=\"https:\/\/larptheque.larp.fr\/wp-content\/uploads\/2021\/09\/Pascal-Legitimus-Delacroix.jpg\" style=\"object-position:48% 100%\" data-object-fit=\"cover\" data-object-position=\"48% 100%\" srcset=\"https:\/\/larptheque.larp.fr\/wp-content\/uploads\/2021\/09\/Pascal-Legitimus-Delacroix.jpg 740w, https:\/\/larptheque.larp.fr\/wp-content\/uploads\/2021\/09\/Pascal-Legitimus-Delacroix-300x246.jpg 300w\" sizes=\"auto, (max-width: 740px) 100vw, 740px\" \/><div class=\"wp-block-cover__inner-container is-layout-flow wp-block-cover-is-layout-flow\">\n<p><\/p>\n\n\n\n<div style=\"height:106px\" aria-hidden=\"true\" class=\"wp-block-spacer\"><\/div>\n\n\n\n<p class=\"has-text-align-center has-white-color has-text-color has-large-font-size\"> <strong>Pascal L\u00e9gitimus<\/strong>,<br>Acteur, Humoriste, Cin\u00e9aste de L&rsquo;ARP<\/p>\n<\/div><\/div>\n\n\n\n<p class=\"has-small-font-size\"><em>\u00a9<\/em> Delacroix <\/p>\n\n\n\n<p>Table ronde anim\u00e9e par <strong>Fabrice Leclerc <\/strong>:  <\/p>\n\n\n\n<div class=\"wp-block-cover\"><span aria-hidden=\"true\" class=\"wp-block-cover__background has-background-dim\"><\/span><img loading=\"lazy\" decoding=\"async\" width=\"600\" height=\"600\" class=\"wp-block-cover__image-background wp-image-1197\" alt=\"\" src=\"https:\/\/larptheque.larp.fr\/wp-content\/uploads\/2022\/04\/photo-Fabrice-Leclerc.jpg\" data-object-fit=\"cover\" srcset=\"https:\/\/larptheque.larp.fr\/wp-content\/uploads\/2022\/04\/photo-Fabrice-Leclerc.jpg 600w, https:\/\/larptheque.larp.fr\/wp-content\/uploads\/2022\/04\/photo-Fabrice-Leclerc-300x300.jpg 300w, https:\/\/larptheque.larp.fr\/wp-content\/uploads\/2022\/04\/photo-Fabrice-Leclerc-150x150.jpg 150w\" sizes=\"auto, (max-width: 600px) 100vw, 600px\" \/><div class=\"wp-block-cover__inner-container is-layout-flow wp-block-cover-is-layout-flow\">\n<div style=\"height:212px\" aria-hidden=\"true\" class=\"wp-block-spacer\"><\/div>\n\n\n\n<p class=\"has-text-align-center has-large-font-size\"><strong>Fabrice Leclerc<\/strong><br>Journaliste, Paris Match<\/p>\n<\/div><\/div>\n\n\n\n<p><strong>En partenariat avec l\u2019ADAMI&nbsp;<\/strong>:<\/p>\n\n\n<div class=\"wp-block-image\">\n<figure class=\"aligncenter size-medium\"><img loading=\"lazy\" decoding=\"async\" width=\"300\" height=\"160\" src=\"https:\/\/larptheque.larp.fr\/wp-content\/uploads\/2022\/04\/adami-logo-300x160.jpg\" alt=\"\" class=\"wp-image-1149\" srcset=\"https:\/\/larptheque.larp.fr\/wp-content\/uploads\/2022\/04\/adami-logo-300x160.jpg 300w, https:\/\/larptheque.larp.fr\/wp-content\/uploads\/2022\/04\/adami-logo.jpg 750w\" sizes=\"auto, (max-width: 300px) 100vw, 300px\" \/><\/figure>\n<\/div>","protected":false},"excerpt":{"rendered":"<p>D\u00e8s l\u2019\u00e9criture du sc\u00e9nario, le lien entre cin\u00e9aste et acteur est au c\u0153ur du projet. Un auteur-r\u00e9alisateur \u00e9crit-il un r\u00f4le \u00ab&nbsp;pour&nbsp;\u00bb un acteur&nbsp;? Pourquoi tourner plusieurs fois avec le m\u00eame com\u00e9dien&nbsp;? Comment le com\u00e9dien travaille-t-il avec son cin\u00e9aste&nbsp;? Dans quelle mesure peut-il influer sur l\u2019\u00e9criture du personnage et improviser face \u00e0 un&nbsp; sc\u00e9nario \u00e9crit&nbsp;? Quel &hellip; <a href=\"https:\/\/larptheque.larp.fr\/index.php\/2021\/08\/30\/18h-etre-cineaste-et-comedien\/\" class=\"more-link\">Continuer la lecture de <span class=\"screen-reader-text\">18h : \u00caTRE CIN\u00c9ASTE ET COM\u00c9DIEN<\/span>  <span class=\"meta-nav\">&rarr;<\/span><\/a><\/p>\n","protected":false},"author":1,"featured_media":0,"comment_status":"open","ping_status":"open","sticky":false,"template":"","format":"standard","meta":{"footnotes":""},"categories":[7],"tags":[],"class_list":["post-199","post","type-post","status-publish","format-standard","hentry","category-la-journee-de-la-creation-2019"],"_links":{"self":[{"href":"https:\/\/larptheque.larp.fr\/index.php\/wp-json\/wp\/v2\/posts\/199","targetHints":{"allow":["GET"]}}],"collection":[{"href":"https:\/\/larptheque.larp.fr\/index.php\/wp-json\/wp\/v2\/posts"}],"about":[{"href":"https:\/\/larptheque.larp.fr\/index.php\/wp-json\/wp\/v2\/types\/post"}],"author":[{"embeddable":true,"href":"https:\/\/larptheque.larp.fr\/index.php\/wp-json\/wp\/v2\/users\/1"}],"replies":[{"embeddable":true,"href":"https:\/\/larptheque.larp.fr\/index.php\/wp-json\/wp\/v2\/comments?post=199"}],"version-history":[{"count":15,"href":"https:\/\/larptheque.larp.fr\/index.php\/wp-json\/wp\/v2\/posts\/199\/revisions"}],"predecessor-version":[{"id":1480,"href":"https:\/\/larptheque.larp.fr\/index.php\/wp-json\/wp\/v2\/posts\/199\/revisions\/1480"}],"wp:attachment":[{"href":"https:\/\/larptheque.larp.fr\/index.php\/wp-json\/wp\/v2\/media?parent=199"}],"wp:term":[{"taxonomy":"category","embeddable":true,"href":"https:\/\/larptheque.larp.fr\/index.php\/wp-json\/wp\/v2\/categories?post=199"},{"taxonomy":"post_tag","embeddable":true,"href":"https:\/\/larptheque.larp.fr\/index.php\/wp-json\/wp\/v2\/tags?post=199"}],"curies":[{"name":"wp","href":"https:\/\/api.w.org\/{rel}","templated":true}]}}