{"id":1948,"date":"2024-03-15T12:16:06","date_gmt":"2024-03-15T12:16:06","guid":{"rendered":"https:\/\/larptheque.larp.fr\/?p=1948"},"modified":"2024-03-29T08:35:18","modified_gmt":"2024-03-29T08:35:18","slug":"19h30-etude-de-cas-le-regne-animal-de-thomas-cailley","status":"publish","type":"post","link":"https:\/\/larptheque.larp.fr\/index.php\/2024\/03\/15\/19h30-etude-de-cas-le-regne-animal-de-thomas-cailley\/","title":{"rendered":"19h30\u00a0: \u00c9tude de cas \u2013\u00a0Le R\u00e8gne animal\u00a0de Thomas Cailley\u00a0"},"content":{"rendered":"\n<p>Partage d\u2019exp\u00e9riences sur le processus cr\u00e9atif et collaboratif autour du film. Retour sur les d\u00e9fis relev\u00e9s en termes de direction visuelle, d\u2019int\u00e9gration des \u00e9l\u00e9ments narratifs et des effets sp\u00e9ciaux.<\/p>\n\n\n\n<p><strong>Mod\u00e9ration : <\/strong><\/p>\n\n\n\n<div class=\"wp-block-cover is-light\"><span aria-hidden=\"true\" class=\"wp-block-cover__background has-background-dim-20 has-background-dim\"><\/span><img loading=\"lazy\" decoding=\"async\" width=\"2560\" height=\"2384\" class=\"wp-block-cover__image-background wp-image-1969\" alt=\"\" src=\"https:\/\/larptheque.larp.fr\/wp-content\/uploads\/2024\/03\/yann-marchet-credit-Bruno-Tocaben-2-scaled.jpg\" data-object-fit=\"cover\" srcset=\"https:\/\/larptheque.larp.fr\/wp-content\/uploads\/2024\/03\/yann-marchet-credit-Bruno-Tocaben-2-scaled.jpg 2560w, https:\/\/larptheque.larp.fr\/wp-content\/uploads\/2024\/03\/yann-marchet-credit-Bruno-Tocaben-2-300x279.jpg 300w, https:\/\/larptheque.larp.fr\/wp-content\/uploads\/2024\/03\/yann-marchet-credit-Bruno-Tocaben-2-1024x954.jpg 1024w, https:\/\/larptheque.larp.fr\/wp-content\/uploads\/2024\/03\/yann-marchet-credit-Bruno-Tocaben-2-768x715.jpg 768w, https:\/\/larptheque.larp.fr\/wp-content\/uploads\/2024\/03\/yann-marchet-credit-Bruno-Tocaben-2-1536x1431.jpg 1536w, https:\/\/larptheque.larp.fr\/wp-content\/uploads\/2024\/03\/yann-marchet-credit-Bruno-Tocaben-2-2048x1907.jpg 2048w\" sizes=\"auto, (max-width: 2560px) 100vw, 2560px\" \/><div class=\"wp-block-cover__inner-container is-layout-constrained wp-block-cover-is-layout-constrained\">\n<div style=\"height:225px\" aria-hidden=\"true\" class=\"wp-block-spacer\"><\/div>\n\n\n\n<p class=\"has-text-align-center has-white-color has-text-color has-link-color has-large-font-size wp-elements-821a03d3ba521042c5d0e5608a1475b8\"><br><br><br><strong>Yann Marchet<\/strong> <br>D\u00e9l\u00e9gu\u00e9 g\u00e9n\u00e9ral \u2013 France VFX<\/p>\n<\/div><\/div>\n\n\n\n<p class=\"has-medium-gray-color has-text-color has-link-color wp-elements-2ff893f5b3f7704b08ae5defc1bd3976\">\u00a9 Bruno Tocaben <\/p>\n\n\n\n<p>Yann Marchet a d\u00e9but\u00e9 sa carri\u00e8re dans la production avant de rejoindre, \u00e0 la fin des ann\u00e9es 90, la soci\u00e9t\u00e9 <strong>MK2<\/strong> au d\u00e9partement des ventes internationales.<br>Il entre ensuite en 2004 \u00e0 la <strong>Commission du Film d\u2019Ile-de-France<\/strong>, comme directeur du marketing et de la communication, o\u00f9 il est notamment en charge du d\u00e9veloppement international.<br>Sp\u00e9cialiste de l\u2019industrie des effets visuels et de l\u2019animation, Il participe et organise de nombreuses conf\u00e9rences dans les festivals et march\u00e9s internationaux (FILMART &#8211; Hong Kong, Chine, Japon, Etats-Unis, Europe, Festival d\u2019animation d\u2019Annecy\u2026).<br>Il est depuis 2015 le d\u00e9l\u00e9gu\u00e9 g\u00e9n\u00e9ral du <strong>PIDS Enghien<\/strong>, un \u00e9v\u00e9nement d\u00e9di\u00e9 \u00e0 la cr\u00e9ation num\u00e9rique et aux effets visuels, qui se tient chaque ann\u00e9e \u00e0 Enghien-les-Bains.<br>En 2018, il fonde la soci\u00e9t\u00e9 <strong>Print The Legend<\/strong>, une soci\u00e9t\u00e9 de conseil et d\u2019accompagnement op\u00e9rationnel sp\u00e9cialis\u00e9e dans le secteur des industries cr\u00e9atives. Il cr\u00e9e la m\u00eame ann\u00e9e le <strong>Festival CineComedies <\/strong>\u00e0 Lille.<br>En 2020, il lance avec Marc Ob\u00e9ron le forum <strong>Cinema For Change<\/strong> d\u00e9di\u00e9 aux contenus \u00e0 impact social<strong>.<\/strong><br>En 2022, il est nomm\u00e9 d\u00e9l\u00e9gu\u00e9 g\u00e9n\u00e9ral de France VFX, le syndicat qui regroupe les principaux studios fran\u00e7ais d\u2019effets visuels.<br>Dipl\u00f4m\u00e9 d\u2019un master en cin\u00e9ma et audiovisuel, il a r\u00e9alis\u00e9 plusieurs documentaires sur le cin\u00e9ma. Il est membre de la Visual Effects Society (VES) et du Media Club.<\/p>\n\n\n\n<p><strong>Avec les \u00e9quipes VFX du film (C\u00e9sar 2024 et Genie Award des Meilleurs Effets Visuels) :<\/strong><\/p>\n\n\n\n<div class=\"wp-block-cover\"><span aria-hidden=\"true\" class=\"wp-block-cover__background has-background-dim-30 has-background-dim\"><\/span><img loading=\"lazy\" decoding=\"async\" width=\"619\" height=\"928\" class=\"wp-block-cover__image-background wp-image-1954\" alt=\"\" src=\"https:\/\/larptheque.larp.fr\/wp-content\/uploads\/2024\/03\/Capture-5.jpg\" style=\"object-position:57% 54%\" data-object-fit=\"cover\" data-object-position=\"57% 54%\" srcset=\"https:\/\/larptheque.larp.fr\/wp-content\/uploads\/2024\/03\/Capture-5.jpg 619w, https:\/\/larptheque.larp.fr\/wp-content\/uploads\/2024\/03\/Capture-5-200x300.jpg 200w\" sizes=\"auto, (max-width: 619px) 100vw, 619px\" \/><div class=\"wp-block-cover__inner-container is-layout-constrained wp-block-cover-is-layout-constrained\">\n<div style=\"height:225px\" aria-hidden=\"true\" class=\"wp-block-spacer\"><\/div>\n\n\n\n<p class=\"has-text-align-center has-large-font-size\"><br><strong>Cyrille Bonjean<\/strong><br>Superviseur VFX \u2013 MPC<\/p>\n<\/div><\/div>\n\n\n\n<p class=\"has-medium-gray-color has-text-color has-link-color has-small-font-size wp-elements-88806ed755d767964bec4edaf4f87701\">\u00a9 ENS LOUIS-LUMIE\u0300RE &#8211;  A. Gousset, C. Justet Termier, M. Le Bayon, A. Marrec, C. Caudroy<\/p>\n\n\n\n<p>Fort de sa riche exp\u00e9rience et de son parcours dans l\u2019industrie audiovisuelle, Cyrille Bonjean met ses comp\u00e9tences multiples au service d\u2019une grande vari\u00e9t\u00e9 de projets de s\u00e9ries ou de longs-m\u00e9trages \u2013de la com\u00e9die au thriller, aussi bien pour des productions fran\u00e7aises qu\u2019internationales.<br>Cyrille Bonjean a plus de vingt ans d\u2019exp\u00e9rience dans l\u2019industrie des effets visuels. Pendant les premi\u00e8res huit ann\u00e9es de sa carri\u00e8re, Cyrille a acquis un large savoir-faire technique et artistique en tant que compositeur&nbsp; et superviseur&nbsp; compositing. Il a contribu\u00e9 \u00e0 une trentaine de projets dont <em><strong>Harry Potter et Les Reliques de la Mort 2\u00e8me partie<\/strong><\/em>, <em><strong>Underworld 3 &nbsp;: &nbsp;Le Soul\u00e8vement des Lycans<\/strong><\/em>, <em><strong>Ast\u00e9rix &amp; Ob\u00e9lix : God saves Britannia<\/strong><\/em>, ou encore <strong><em>La Raffle<\/em><\/strong>, <em><strong>Hitman<\/strong><\/em> et <em><strong>Transporter 3<\/strong><\/em>.&nbsp;&nbsp; Son implication sur ces productions fran\u00e7aises et internationales lui ont \u00e9galement permis d\u2019avoir une forte exp\u00e9rience de la supervision sur les tournages et d\u2019\u00eatre un v\u00e9ritable appui technique et artistique sur un plateau.<br>En 2012, Cyrille rejoint le groupe Mikros Image en tant que superviseur compositing, puis en 2013, il devient superviseur VFX. En 11 ans, il a supervis\u00e9 la fabrication des effets visuels num\u00e9riques pour une cinquantaine de longs-m\u00e9trages fran\u00e7ais et internationaux.<br>On compte parmi ces projets <strong><em>La Vie d\u2019Ad\u00e8le<\/em><\/strong>, Palme d\u2019Or du Festival de Cannes en 2013 et prim\u00e9 plus de 80 fois, <strong><em>As Boas Maneiras<\/em><\/strong> (<em><strong>Good Manners<\/strong><\/em>), nomm\u00e9 pour les meilleurs effets visuels au Grande Pr\u00eamio do Cinema Brasileiro en 2019 et qui a re\u00e7u plus de trente prix, <strong><em>Divines<\/em><\/strong> qui a remport\u00e9 le C\u00e9sar du meilleur premier film en 2017 et s\u00e9lectionn\u00e9 \u00e0 la Quinzaine des R\u00e9alisateurs de 2016, <strong><em>Muere, monstruo, muere <\/em><\/strong>&nbsp;(<strong><em>Meurs, Monstre, Meurs<\/em><\/strong>) s\u00e9lectionn\u00e9 au festival Un Certain Regard en 2018, <em><strong>Tlamess<\/strong><\/em> (<strong><em>Sortil\u00e8ge<\/em><\/strong>) nomm\u00e9 au Festival de Cannes de 2019 ou encore<strong><em> Le R\u00e8gne Animal<\/em><\/strong> s\u00e9lectionn\u00e9 au festival Un Certain Regard en 2023  et prim\u00e9 aux C\u00e9sar 2023 pour les Meilleurs Effets Visuels. <br>Cyrille est \u00e9galement un collaborateur privil\u00e9gi\u00e9 des r\u00e9alisateurs de com\u00e9dies&nbsp; fran\u00e7aises&nbsp; Philippe Lacheau et Tarek Boudali. Il les a notamment accompagn\u00e9s sur <em><strong>Nicky Larson<\/strong><\/em>,<strong><em> Le Parfum de Cupidon<\/em><\/strong> et 30 Jours Max qui a enregistr\u00e9 un record de 500 000 entr\u00e9es lors de sa premi\u00e8re semaine de sortie en 2020.<br>Cyrille a \u00e9galement travaill\u00e9 sur plusieurs s\u00e9ries dont <strong><em>Panthers<\/em> <\/strong>(ARTE), <em><strong>Miskina <\/strong><\/em>(Prime Video) et <em><strong>Les 7 Vies de L\u00e9a<\/strong> <\/em>(Netflix).<\/p>\n\n\n\n<div class=\"wp-block-cover\"><span aria-hidden=\"true\" class=\"wp-block-cover__background has-background-dim-20 has-background-dim\"><\/span><img loading=\"lazy\" decoding=\"async\" width=\"1255\" height=\"1673\" class=\"wp-block-cover__image-background wp-image-1955\" alt=\"\" src=\"https:\/\/larptheque.larp.fr\/wp-content\/uploads\/2024\/03\/photo-Francois-Bonniere.jpg\" style=\"object-position:54% 68%\" data-object-fit=\"cover\" data-object-position=\"54% 68%\" srcset=\"https:\/\/larptheque.larp.fr\/wp-content\/uploads\/2024\/03\/photo-Francois-Bonniere.jpg 1255w, https:\/\/larptheque.larp.fr\/wp-content\/uploads\/2024\/03\/photo-Francois-Bonniere-225x300.jpg 225w, https:\/\/larptheque.larp.fr\/wp-content\/uploads\/2024\/03\/photo-Francois-Bonniere-768x1024.jpg 768w, https:\/\/larptheque.larp.fr\/wp-content\/uploads\/2024\/03\/photo-Francois-Bonniere-1152x1536.jpg 1152w\" sizes=\"auto, (max-width: 1255px) 100vw, 1255px\" \/><div class=\"wp-block-cover__inner-container is-layout-constrained wp-block-cover-is-layout-constrained\">\n<div style=\"height:225px\" aria-hidden=\"true\" class=\"wp-block-spacer\"><\/div>\n\n\n\n<p class=\"has-text-align-center has-large-font-size\"><br><strong>Fran\u00e7ois Bonni\u00e8re<\/strong><br>Superviseur 3D \u2013 Mac Guff<\/p>\n<\/div><\/div>\n\n\n\n<p>Form\u00e9 \u00e0 l&rsquo;\u00e9cole Saint Luc Tournai o\u00f9 il a obtenu son bac STI art appliqu\u00e9 option illustration, Fran\u00e7ois Bonni\u00e8re a ensuite poursuivi ses \u00e9tudes \u00e0 l&rsquo;\u00e9cole Georges M\u00e9li\u00e8s \u00e0 Orly, o\u00f9 il a acquis des comp\u00e9tences 3D ainsi que VFX.<br>En 2007, son parcours professionnel a d\u00e9but\u00e9 chez Buf, o\u00f9 il a eu l&rsquo;opportunit\u00e9 de contribuer aux films d&rsquo;animation <strong><em>Arthur et les Minimoys 2 et 3<\/em><\/strong>, ainsi qu&rsquo;\u00e0 des long-m\u00e9trages VFX telles que <strong><em>SpeedRacer<\/em><\/strong>, <strong><em>The Grand Master<\/em><\/strong>, <strong><em>UpsideDown<\/em><\/strong> et <strong><em>Marsupilami<\/em><\/strong>.<br>En 2012, il a rejoint Mac Guff.  Au sein de cette entreprise, il a particip\u00e9 \u00e0 de nombreux projets, notamment&nbsp;<strong><em> Transporteur<\/em><\/strong>, <strong><em>Ars\u00e8ne Lupin<\/em><\/strong>, <strong><em>Vesper Chronicle<\/em><\/strong>, <strong><em>Le dernier secret de l&rsquo;humanit\u00e9<\/em><\/strong>, <strong><em>Vermines<\/em><\/strong> et <strong><em>Le R\u00e8gne Animal<\/em><\/strong>.<br>Entre temps il est intervenu pendant deux ann\u00e9es de suite pour suivre les films de fin d&rsquo;\u00e9tudes des \u00e9tudiants de l&rsquo;\u00e9cole Rubika (\u00c9cole d&rsquo;excellence en Design, Animation et Jeu Vid\u00e9o) \u00e0 Valenciennes.<\/p>\n\n\n\n<div class=\"wp-block-cover is-light\"><span aria-hidden=\"true\" class=\"wp-block-cover__background has-background-dim-20 has-background-dim\"><\/span><img loading=\"lazy\" decoding=\"async\" width=\"756\" height=\"1134\" class=\"wp-block-cover__image-background wp-image-1956\" alt=\"\" src=\"https:\/\/larptheque.larp.fr\/wp-content\/uploads\/2024\/03\/Loriane_Lucas.jpg\" style=\"object-position:52% 28%\" data-object-fit=\"cover\" data-object-position=\"52% 28%\" srcset=\"https:\/\/larptheque.larp.fr\/wp-content\/uploads\/2024\/03\/Loriane_Lucas.jpg 756w, https:\/\/larptheque.larp.fr\/wp-content\/uploads\/2024\/03\/Loriane_Lucas-200x300.jpg 200w, https:\/\/larptheque.larp.fr\/wp-content\/uploads\/2024\/03\/Loriane_Lucas-683x1024.jpg 683w\" sizes=\"auto, (max-width: 756px) 100vw, 756px\" \/><div class=\"wp-block-cover__inner-container is-layout-constrained wp-block-cover-is-layout-constrained\">\n<div style=\"height:225px\" aria-hidden=\"true\" class=\"wp-block-spacer\"><\/div>\n\n\n\n<p class=\"has-text-align-center has-white-color has-text-color has-link-color has-large-font-size wp-elements-03abbf87c3df3761b404288239781f72\"><br><strong>Loriane Lucas<\/strong><br>Productrice VFX \u2013 MPC<\/p>\n<\/div><\/div>\n\n\n\n<p>Productrice VFX dans l\u2019\u00e9quipe de production de <strong>MPC <\/strong>depuis 6 ans, Loriane Lucas ma\u00eetrise gr\u00e2ce \u00e0 son parcours professionnel l\u2019ensemble des \u00e9tapes de la post-production, faisant d\u2019elle une productrice avertie.<br>Apr\u00e8s un master \u00e0 Valenciennes et une courte exp\u00e9rience de graphiste en tant que graphiste 2D en 2005, Loriane devient coordinatrice du d\u00e9partement argentique \u00e0 <strong>Duboicolor<\/strong>, alors que le travail sur pellicule \u00e9tait encore pr\u00e9dominant dans l\u2019industrie du film. Elle participera entre autres \u00e0 la post-production de <em><strong>The Diving Bell and the Butterfly <\/strong><\/em>r\u00e9alis\u00e9 par Julian Schnabel, quatre fois nomm\u00e9 aux Oscars ainsi que <em><strong>Golden Door<\/strong><\/em> d\u2019Emanuele Crialese.<br>En 2009, la post-production basculant progressivement vers le num\u00e9rique, Loriane \u00e9volue en tant que charg\u00e9e de fabrication en post-production num\u00e9rique. Elle devient un an plus tard chef de projet et travaille jusqu\u2019en 2012 chez <strong>Duboi<\/strong>, puis rejoint les \u00e9quipes de <strong>Technicolor <\/strong>jusqu\u2019en 2018.<br>Durant cette p\u00e9riode, elle a eu la charge du suivi de l\u2019ensemble de la post-production image de <em><strong>The Artist <\/strong><\/em>de Michel Hazanavicius, qui a remport\u00e9 5 Oscars et plus de 150 prix ; <em><strong>Enemy<\/strong> <\/em>de Denis Villeneuve, <em><strong>Les Combattants<\/strong> <\/em>de Thomas Cailley qui a remport\u00e9 4 prix au Festival de Cannes ou encore <em><strong>Beauty and the Beast <\/strong><\/em>de Christophe Gans.<br>En 2018, Loriane rejoint l\u2019\u00e9quipe de producteurs VFX de <strong>MPC Paris<\/strong>. Elle y a assur\u00e9 la production des effets visuels de films tels que <em><strong>Aline <\/strong><\/em>de Val\u00e9rie Lemercier qui a \u00e9t\u00e9 pr\u00e9sent\u00e9 en hors comp\u00e9tition au Festival de Cannes et qui a \u00e9t\u00e9 nomm\u00e9 aux G\u00e9nie Awards, organis\u00e9s par le PIDS dans la cat\u00e9gorie meilleurs effets visuels dans un long-m\u00e9trage.<br>En 2022, elle a \u00e9t\u00e9 la productrice des effets visuels du film <em><strong>Notre-Dame Br\u00fble<\/strong><\/em>, r\u00e9alis\u00e9 par Jean-Jacques Annaud. Le film a remport\u00e9 un C\u00e9sar en 2023 dans la cat\u00e9gorie Meilleurs Effets Visuels. L&rsquo;ann\u00e9e suivante, en 2023, elle a \u00e9galement travaill\u00e9 en tant que productrice VFX sur le film<strong><em> La Montagne<\/em><\/strong><em>, <\/em>r\u00e9alis\u00e9 par Thomas Salvador, qui a \u00e9t\u00e9 r\u00e9compens\u00e9 au Festival de Cannes. En 2024, son travail de production des effets visuels pour le film <em><strong>Le R\u00e8gne Animal<\/strong><\/em>, r\u00e9alis\u00e9 par Thomas Cailley, a valu au film une reconnaissance de l&rsquo;Acad\u00e9mie des C\u00e9sar dans la m\u00eame cat\u00e9gorie.&nbsp;<\/p>\n\n\n\n<div class=\"wp-block-cover\"><span aria-hidden=\"true\" class=\"wp-block-cover__background has-background-dim-20 has-background-dim\"><\/span><img loading=\"lazy\" decoding=\"async\" width=\"616\" height=\"922\" class=\"wp-block-cover__image-background wp-image-1957\" alt=\"\" src=\"https:\/\/larptheque.larp.fr\/wp-content\/uploads\/2024\/03\/Capture-6.jpg\" style=\"object-position:57% 31%\" data-object-fit=\"cover\" data-object-position=\"57% 31%\" srcset=\"https:\/\/larptheque.larp.fr\/wp-content\/uploads\/2024\/03\/Capture-6.jpg 616w, https:\/\/larptheque.larp.fr\/wp-content\/uploads\/2024\/03\/Capture-6-200x300.jpg 200w\" sizes=\"auto, (max-width: 616px) 100vw, 616px\" \/><div class=\"wp-block-cover__inner-container is-layout-constrained wp-block-cover-is-layout-constrained\">\n<div style=\"height:225px\" aria-hidden=\"true\" class=\"wp-block-spacer\"><\/div>\n\n\n\n<p class=\"has-text-align-center has-large-font-size\"><br><strong>Bruno Sommier<\/strong><br>Superviseur VFX<\/p>\n<\/div><\/div>\n\n\n\n<p class=\"has-medium-gray-color has-text-color has-link-color wp-elements-d372003f11d8caeb3ee2b925796347be\">\u00a9 ENS LOUIS-LUMIE\u0300RE &#8211;  A. Gousset, C. Justet Termier, M. Le Bayon, A. Marrec, C. Caudroy<br><\/p>\n\n\n\n<p>Passionn\u00e9 par le stop-motion, autodidacte, Bruno Sommier fait son d\u00e9but de carri\u00e8re comme technicien motion control, et cadreur pendant 10 ans.<br>Sa connaissance du tournage lui permet de devenir superviseur tournage pour des films, tel que <strong><em>Hanibal Rising<\/em><\/strong>, <strong><em>Jean-Philippe<\/em><\/strong>, <strong><em>Le boulet<\/em><\/strong>&#8230;<br>Il travaille aussi comme graphiste, avant de passer superviseur sur de la pub et film chez Mikros et Eclair.<br>Il part 5 ans pour travailler en Belgique pour aider au lancement du d\u00e9partement vfx chez Umedia, ce qui lui permet de travailler sur des projets internationaux.<br>A son retour en France, il travaille chez Mac Guff comme graphiste, cg superviseur et vfx superviseur, sur des projets tel que <strong><em>Eiffel<\/em><\/strong>, <strong><em>Vesper Seed<\/em><\/strong>, <strong><em>Lupin<\/em><\/strong> et <strong><em>Le R\u00e8gne Animal<\/em><\/strong>.<\/p>\n","protected":false},"excerpt":{"rendered":"<p>Partage d\u2019exp\u00e9riences sur le processus cr\u00e9atif et collaboratif autour du film. Retour sur les d\u00e9fis relev\u00e9s en termes de direction visuelle, d\u2019int\u00e9gration des \u00e9l\u00e9ments narratifs et des effets sp\u00e9ciaux. Mod\u00e9ration : \u00a9 Bruno Tocaben Yann Marchet a d\u00e9but\u00e9 sa carri\u00e8re dans la production avant de rejoindre, \u00e0 la fin des ann\u00e9es 90, la soci\u00e9t\u00e9 MK2 &hellip; <a href=\"https:\/\/larptheque.larp.fr\/index.php\/2024\/03\/15\/19h30-etude-de-cas-le-regne-animal-de-thomas-cailley\/\" class=\"more-link\">Continuer la lecture de <span class=\"screen-reader-text\">19h30\u00a0: \u00c9tude de cas \u2013\u00a0Le R\u00e8gne animal\u00a0de Thomas Cailley\u00a0<\/span>  <span class=\"meta-nav\">&rarr;<\/span><\/a><\/p>\n","protected":false},"author":1,"featured_media":0,"comment_status":"open","ping_status":"open","sticky":false,"template":"","format":"standard","meta":{"footnotes":""},"categories":[34],"tags":[],"class_list":["post-1948","post","type-post","status-publish","format-standard","hentry","category-les-soirees-de-la-creation"],"_links":{"self":[{"href":"https:\/\/larptheque.larp.fr\/index.php\/wp-json\/wp\/v2\/posts\/1948","targetHints":{"allow":["GET"]}}],"collection":[{"href":"https:\/\/larptheque.larp.fr\/index.php\/wp-json\/wp\/v2\/posts"}],"about":[{"href":"https:\/\/larptheque.larp.fr\/index.php\/wp-json\/wp\/v2\/types\/post"}],"author":[{"embeddable":true,"href":"https:\/\/larptheque.larp.fr\/index.php\/wp-json\/wp\/v2\/users\/1"}],"replies":[{"embeddable":true,"href":"https:\/\/larptheque.larp.fr\/index.php\/wp-json\/wp\/v2\/comments?post=1948"}],"version-history":[{"count":19,"href":"https:\/\/larptheque.larp.fr\/index.php\/wp-json\/wp\/v2\/posts\/1948\/revisions"}],"predecessor-version":[{"id":2020,"href":"https:\/\/larptheque.larp.fr\/index.php\/wp-json\/wp\/v2\/posts\/1948\/revisions\/2020"}],"wp:attachment":[{"href":"https:\/\/larptheque.larp.fr\/index.php\/wp-json\/wp\/v2\/media?parent=1948"}],"wp:term":[{"taxonomy":"category","embeddable":true,"href":"https:\/\/larptheque.larp.fr\/index.php\/wp-json\/wp\/v2\/categories?post=1948"},{"taxonomy":"post_tag","embeddable":true,"href":"https:\/\/larptheque.larp.fr\/index.php\/wp-json\/wp\/v2\/tags?post=1948"}],"curies":[{"name":"wp","href":"https:\/\/api.w.org\/{rel}","templated":true}]}}