{"id":191,"date":"2021-08-30T10:36:41","date_gmt":"2021-08-30T10:36:41","guid":{"rendered":"https:\/\/larptheque.larp.fr\/?p=191"},"modified":"2023-03-14T17:26:59","modified_gmt":"2023-03-14T17:26:59","slug":"14h-cinema-de-genre-espace-de-liberte-et-de-renouveau-pour-le-cinema-francais","status":"publish","type":"post","link":"https:\/\/larptheque.larp.fr\/index.php\/2021\/08\/30\/14h-cinema-de-genre-espace-de-liberte-et-de-renouveau-pour-le-cinema-francais\/","title":{"rendered":"14h : CIN\u00c9MA DE GENRE\u00a0: ESPACE DE LIBERT\u00c9 ET DE RENOUVEAU POUR LE CIN\u00c9MA FRAN\u00c7AIS\u00a0?"},"content":{"rendered":"\n<p>Alors que le jeune cin\u00e9ma d\u2019auteur fran\u00e7ais puise de plus en plus son inspiration dans le cin\u00e9ma de genre et que ce cin\u00e9ma semble acc\u00e9der \u00e0 une nouvelle reconnaissance aupr\u00e8s de la critique, le genre semble \u00eatre devenu un nouvel espace de libert\u00e9 et de cr\u00e9ation pour le cin\u00e9ma fran\u00e7ais. Mais \u00e0 qui s\u2019adresse le cin\u00e9ma de genre&nbsp;? Peut-il \u00eatre grand public ou s\u2019adresse-t-il \u00e0 des communaut\u00e9s de spectateurs sp\u00e9cifiques&nbsp;? Doit-on parler d\u2019un \u00ab&nbsp;cin\u00e9ma de genre d\u2019auteur&nbsp;\u00bb ou le genre offre-t-il au cin\u00e9ma une opportunit\u00e9 plus globale de se r\u00e9inventer&nbsp;? Enfin, le cin\u00e9ma de genre est-il un effet de mode ou une \u00e9volution durable du cin\u00e9ma&nbsp;?<\/p>\n\n\n\n<p><strong>En replay :<\/strong> <\/p>\n\n\n\n<figure class=\"wp-block-embed is-type-video is-provider-youtube wp-block-embed-youtube wp-embed-aspect-16-9 wp-has-aspect-ratio\"><div class=\"wp-block-embed__wrapper\">\n<iframe loading=\"lazy\" title=\"#Cr\u00e9aARP19 D\u00e9bat CIN\u00c9MA DE GENRE: ESPACE DE LIBERT\u00c9 ET DE RENOUVEAU POUR LE CIN\u00c9MA FRAN\u00c7AIS\" width=\"474\" height=\"267\" src=\"https:\/\/www.youtube.com\/embed\/gnyVbbEIxwc?feature=oembed\" frameborder=\"0\" allow=\"accelerometer; autoplay; clipboard-write; encrypted-media; gyroscope; picture-in-picture; web-share\" referrerpolicy=\"strict-origin-when-cross-origin\" allowfullscreen><\/iframe>\n<\/div><\/figure>\n\n\n\n<p><strong>Avec :<\/strong><\/p>\n\n\n\n<div class=\"wp-block-cover aligncenter is-light\"><span aria-hidden=\"true\" class=\"wp-block-cover__background has-background-dim\"><\/span><img loading=\"lazy\" decoding=\"async\" width=\"1136\" height=\"1162\" class=\"wp-block-cover__image-background wp-image-629\" alt=\"\" src=\"https:\/\/larptheque.larp.fr\/wp-content\/uploads\/2021\/09\/aya.jpg\" style=\"object-position:61% 100%\" data-object-fit=\"cover\" data-object-position=\"61% 100%\" srcset=\"https:\/\/larptheque.larp.fr\/wp-content\/uploads\/2021\/09\/aya.jpg 1136w, https:\/\/larptheque.larp.fr\/wp-content\/uploads\/2021\/09\/aya-293x300.jpg 293w, https:\/\/larptheque.larp.fr\/wp-content\/uploads\/2021\/09\/aya-1001x1024.jpg 1001w, https:\/\/larptheque.larp.fr\/wp-content\/uploads\/2021\/09\/aya-768x786.jpg 768w\" sizes=\"auto, (max-width: 1136px) 100vw, 1136px\" \/><div class=\"wp-block-cover__inner-container is-layout-flow wp-block-cover-is-layout-flow\">\n<p class=\"has-text-align-center has-large-font-size\"> <\/p>\n\n\n\n<div style=\"height:100px\" aria-hidden=\"true\" class=\"wp-block-spacer\"><\/div>\n\n\n\n<p class=\"has-text-align-center has-white-color has-text-color has-large-font-size\"><strong>Alexandre Aja<\/strong>,<br>R\u00e9alisateur, Sc\u00e9nariste, Producteur<\/p>\n<\/div><\/div>\n\n\n\n<p class=\"has-small-font-size\"><em>\u00a9<\/em> Getty \/ Keith Mayhew \/ SOPA Images \/ LightRocket<\/p>\n\n\n\n<div class=\"wp-block-cover aligncenter is-light\"><span aria-hidden=\"true\" class=\"wp-block-cover__background has-background-dim\"><\/span><img loading=\"lazy\" decoding=\"async\" width=\"810\" height=\"1080\" class=\"wp-block-cover__image-background wp-image-631\" alt=\"\" src=\"https:\/\/larptheque.larp.fr\/wp-content\/uploads\/2021\/09\/bon.jpg\" style=\"object-position:40% 89%\" data-object-fit=\"cover\" data-object-position=\"40% 89%\" srcset=\"https:\/\/larptheque.larp.fr\/wp-content\/uploads\/2021\/09\/bon.jpg 810w, https:\/\/larptheque.larp.fr\/wp-content\/uploads\/2021\/09\/bon-225x300.jpg 225w, https:\/\/larptheque.larp.fr\/wp-content\/uploads\/2021\/09\/bon-768x1024.jpg 768w\" sizes=\"auto, (max-width: 810px) 100vw, 810px\" \/><div class=\"wp-block-cover__inner-container is-layout-flow wp-block-cover-is-layout-flow\">\n<p class=\"has-text-align-center has-large-font-size\"> <\/p>\n\n\n\n<div style=\"height:93px\" aria-hidden=\"true\" class=\"wp-block-spacer\"><\/div>\n\n\n\n<p class=\"has-text-align-center has-white-color has-text-color has-large-font-size\"><strong>Caroline Bonmarchand<\/strong>,<br>Productrice, Avenue B Production<\/p>\n<\/div><\/div>\n\n\n\n<p class=\"has-small-font-size\"><em>\u00a9<\/em> Zuma Press \/ Bestimage<\/p>\n\n\n\n<div class=\"wp-block-cover aligncenter is-light\"><span aria-hidden=\"true\" class=\"wp-block-cover__background has-background-dim\"><\/span><img loading=\"lazy\" decoding=\"async\" width=\"787\" height=\"822\" class=\"wp-block-cover__image-background wp-image-568\" alt=\"\" src=\"https:\/\/larptheque.larp.fr\/wp-content\/uploads\/2021\/09\/Claire-Denis-Credit-Camerossel-1.jpg\" style=\"object-position:40% 100%\" data-object-fit=\"cover\" data-object-position=\"40% 100%\" srcset=\"https:\/\/larptheque.larp.fr\/wp-content\/uploads\/2021\/09\/Claire-Denis-Credit-Camerossel-1.jpg 787w, https:\/\/larptheque.larp.fr\/wp-content\/uploads\/2021\/09\/Claire-Denis-Credit-Camerossel-1-287x300.jpg 287w, https:\/\/larptheque.larp.fr\/wp-content\/uploads\/2021\/09\/Claire-Denis-Credit-Camerossel-1-768x802.jpg 768w\" sizes=\"auto, (max-width: 787px) 100vw, 787px\" \/><div class=\"wp-block-cover__inner-container is-layout-flow wp-block-cover-is-layout-flow\">\n<p class=\"has-text-align-center has-large-font-size\"> <\/p>\n\n\n\n<div style=\"height:133px\" aria-hidden=\"true\" class=\"wp-block-spacer\"><\/div>\n\n\n\n<p class=\"has-text-align-center has-white-color has-text-color has-large-font-size\"><strong>Claire Denis<\/strong>,<br>Cin\u00e9aste de L\u2019ARP<\/p>\n<\/div><\/div>\n\n\n\n<p class=\"has-small-font-size\"><em>\u00a9<\/em> Camerossel <\/p>\n\n\n\n<div class=\"wp-block-cover aligncenter\"><span aria-hidden=\"true\" class=\"wp-block-cover__background has-background-dim\"><\/span><img loading=\"lazy\" decoding=\"async\" width=\"1000\" height=\"602\" class=\"wp-block-cover__image-background wp-image-286\" alt=\"\" src=\"https:\/\/larptheque.larp.fr\/wp-content\/uploads\/2021\/08\/4-1.jpg\" style=\"object-position:23% 46%\" data-object-fit=\"cover\" data-object-position=\"23% 46%\" srcset=\"https:\/\/larptheque.larp.fr\/wp-content\/uploads\/2021\/08\/4-1.jpg 1000w, https:\/\/larptheque.larp.fr\/wp-content\/uploads\/2021\/08\/4-1-300x181.jpg 300w, https:\/\/larptheque.larp.fr\/wp-content\/uploads\/2021\/08\/4-1-768x462.jpg 768w\" sizes=\"auto, (max-width: 1000px) 100vw, 1000px\" \/><div class=\"wp-block-cover__inner-container is-layout-flow wp-block-cover-is-layout-flow\">\n<p class=\"has-text-align-center has-large-font-size\"> <\/p>\n\n\n\n<div style=\"height:89px\" aria-hidden=\"true\" class=\"wp-block-spacer\"><\/div>\n\n\n\n<p class=\"has-text-align-center has-large-font-size\"><strong>Boris Duchesnay<\/strong>,<br>Directeur des programmes et acquisitions d\u2019OCS<\/p>\n<\/div><\/div>\n\n\n\n<p class=\"has-small-font-size\"> <em>\u00a9<\/em> OCS \/ Mathieu Zazzo<\/p>\n\n\n\n<div class=\"wp-block-cover aligncenter\"><span aria-hidden=\"true\" class=\"wp-block-cover__background has-background-dim\"><\/span><img loading=\"lazy\" decoding=\"async\" width=\"625\" height=\"801\" class=\"wp-block-cover__image-background wp-image-632\" alt=\"\" src=\"https:\/\/larptheque.larp.fr\/wp-content\/uploads\/2021\/09\/julia.jpg\" style=\"object-position:52% 54%\" data-object-fit=\"cover\" data-object-position=\"52% 54%\" srcset=\"https:\/\/larptheque.larp.fr\/wp-content\/uploads\/2021\/09\/julia.jpg 625w, https:\/\/larptheque.larp.fr\/wp-content\/uploads\/2021\/09\/julia-234x300.jpg 234w\" sizes=\"auto, (max-width: 625px) 100vw, 625px\" \/><div class=\"wp-block-cover__inner-container is-layout-flow wp-block-cover-is-layout-flow\">\n<p class=\"has-text-align-center has-large-font-size\"> <\/p>\n\n\n\n<div style=\"height:130px\" aria-hidden=\"true\" class=\"wp-block-spacer\"><\/div>\n\n\n\n<p class=\"has-text-align-center has-large-font-size\"><strong>Julia Ducournau<\/strong>,<br>R\u00e9alisatrice, Sc\u00e9nariste <\/p>\n<\/div><\/div>\n\n\n\n<p class=\"has-small-font-size\"><em>\u00a9<\/em> Marechal Aurore \/ ABACA<\/p>\n\n\n\n<div class=\"wp-block-cover aligncenter\"><span aria-hidden=\"true\" class=\"wp-block-cover__background has-background-dim\"><\/span><img loading=\"lazy\" decoding=\"async\" width=\"620\" height=\"435\" class=\"wp-block-cover__image-background wp-image-574\" alt=\"\" src=\"https:\/\/larptheque.larp.fr\/wp-content\/uploads\/2021\/09\/coralie-fargeat-4.jpg\" style=\"object-position:41% 45%\" data-object-fit=\"cover\" data-object-position=\"41% 45%\" srcset=\"https:\/\/larptheque.larp.fr\/wp-content\/uploads\/2021\/09\/coralie-fargeat-4.jpg 620w, https:\/\/larptheque.larp.fr\/wp-content\/uploads\/2021\/09\/coralie-fargeat-4-300x210.jpg 300w\" sizes=\"auto, (max-width: 620px) 100vw, 620px\" \/><div class=\"wp-block-cover__inner-container is-layout-flow wp-block-cover-is-layout-flow\">\n<p><\/p>\n\n\n\n<div style=\"height:160px\" aria-hidden=\"true\" class=\"wp-block-spacer\"><\/div>\n\n\n\n<p class=\"has-text-align-center has-large-font-size\"> <strong>Coralie Fargeat<\/strong>,<br>R\u00e9alisatrice, Sc\u00e9nariste <\/p>\n<\/div><\/div>\n\n\n\n<p class=\"has-small-font-size\"><em>\u00a9<\/em> Alexandra Fleurantin, Olivier Monge \/ Festival de cin\u00e9ma europ\u00e9en des Arcs<\/p>\n\n\n\n<p>Table ronde anim\u00e9e par <strong>Pierre-Jean Delvolv\u00e9 <\/strong>(Fais pas genre !).<\/p>\n\n\n\n<p><strong>En partenariat avec Fais pas genre !<\/strong>.<\/p>\n","protected":false},"excerpt":{"rendered":"<p>Alors que le jeune cin\u00e9ma d\u2019auteur fran\u00e7ais puise de plus en plus son inspiration dans le cin\u00e9ma de genre et que ce cin\u00e9ma semble acc\u00e9der \u00e0 une nouvelle reconnaissance aupr\u00e8s de la critique, le genre semble \u00eatre devenu un nouvel espace de libert\u00e9 et de cr\u00e9ation pour le cin\u00e9ma fran\u00e7ais. Mais \u00e0 qui s\u2019adresse le &hellip; <a href=\"https:\/\/larptheque.larp.fr\/index.php\/2021\/08\/30\/14h-cinema-de-genre-espace-de-liberte-et-de-renouveau-pour-le-cinema-francais\/\" class=\"more-link\">Continuer la lecture de <span class=\"screen-reader-text\">14h : CIN\u00c9MA DE GENRE\u00a0: ESPACE DE LIBERT\u00c9 ET DE RENOUVEAU POUR LE CIN\u00c9MA FRAN\u00c7AIS\u00a0?<\/span>  <span class=\"meta-nav\">&rarr;<\/span><\/a><\/p>\n","protected":false},"author":1,"featured_media":0,"comment_status":"open","ping_status":"open","sticky":false,"template":"","format":"standard","meta":{"footnotes":""},"categories":[7],"tags":[],"class_list":["post-191","post","type-post","status-publish","format-standard","hentry","category-la-journee-de-la-creation-2019"],"_links":{"self":[{"href":"https:\/\/larptheque.larp.fr\/index.php\/wp-json\/wp\/v2\/posts\/191","targetHints":{"allow":["GET"]}}],"collection":[{"href":"https:\/\/larptheque.larp.fr\/index.php\/wp-json\/wp\/v2\/posts"}],"about":[{"href":"https:\/\/larptheque.larp.fr\/index.php\/wp-json\/wp\/v2\/types\/post"}],"author":[{"embeddable":true,"href":"https:\/\/larptheque.larp.fr\/index.php\/wp-json\/wp\/v2\/users\/1"}],"replies":[{"embeddable":true,"href":"https:\/\/larptheque.larp.fr\/index.php\/wp-json\/wp\/v2\/comments?post=191"}],"version-history":[{"count":24,"href":"https:\/\/larptheque.larp.fr\/index.php\/wp-json\/wp\/v2\/posts\/191\/revisions"}],"predecessor-version":[{"id":1482,"href":"https:\/\/larptheque.larp.fr\/index.php\/wp-json\/wp\/v2\/posts\/191\/revisions\/1482"}],"wp:attachment":[{"href":"https:\/\/larptheque.larp.fr\/index.php\/wp-json\/wp\/v2\/media?parent=191"}],"wp:term":[{"taxonomy":"category","embeddable":true,"href":"https:\/\/larptheque.larp.fr\/index.php\/wp-json\/wp\/v2\/categories?post=191"},{"taxonomy":"post_tag","embeddable":true,"href":"https:\/\/larptheque.larp.fr\/index.php\/wp-json\/wp\/v2\/tags?post=191"}],"curies":[{"name":"wp","href":"https:\/\/api.w.org\/{rel}","templated":true}]}}