{"id":1666,"date":"2023-04-14T16:35:58","date_gmt":"2023-04-14T16:35:58","guid":{"rendered":"https:\/\/larptheque.larp.fr\/?p=1666"},"modified":"2023-04-21T13:34:05","modified_gmt":"2023-04-21T13:34:05","slug":"18h30-creation-reaction-action","status":"publish","type":"post","link":"https:\/\/larptheque.larp.fr\/index.php\/2023\/04\/14\/18h30-creation-reaction-action\/","title":{"rendered":"18h30 : Cr\u00e9ation, R\u00e9action, Action"},"content":{"rendered":"\n<p>Regards crois\u00e9s engag\u00e9s et engageants avec des personnalit\u00e9s qui questionnent ensemble la mani\u00e8re dont l\u2019\u00e9cologie se raconte \u00e0 travers les images, pourquoi et comment elle s\u2019empare des r\u00e9cits.<\/p>\n\n\n\n<p><strong>En replay :<\/strong><\/p>\n\n\n\n<figure class=\"wp-block-embed is-type-rich is-provider-prise-en-charge-des-contenus-embarques wp-block-embed-prise-en-charge-des-contenus-embarques wp-embed-aspect-16-9 wp-has-aspect-ratio\"><div class=\"wp-block-embed__wrapper\">\n<iframe loading=\"lazy\" title=\"Journ\u00e9e de la Cr\u00e9ation 2023 - Cr\u00e9ation, R\u00e9action, Action.\" width=\"474\" height=\"267\" src=\"https:\/\/www.youtube.com\/embed\/8625JJ1klrI?feature=oembed\" frameborder=\"0\" allow=\"accelerometer; autoplay; clipboard-write; encrypted-media; gyroscope; picture-in-picture; web-share\" referrerpolicy=\"strict-origin-when-cross-origin\" allowfullscreen><\/iframe>\n<\/div><\/figure>\n\n\n\n<p><strong>Avec :<\/strong><\/p>\n\n\n\n<div class=\"wp-block-cover is-light\" style=\"min-height:655px;aspect-ratio:unset;\"><span aria-hidden=\"true\" class=\"wp-block-cover__background has-background-dim-20 has-background-dim\"><\/span><img loading=\"lazy\" decoding=\"async\" width=\"2241\" height=\"2560\" class=\"wp-block-cover__image-background wp-image-1668\" alt=\"\" src=\"https:\/\/larptheque.larp.fr\/wp-content\/uploads\/2023\/04\/photo-Jean-Francois-Camilleri-scaled.jpg\" style=\"object-position:31% 39%\" data-object-fit=\"cover\" data-object-position=\"31% 39%\" srcset=\"https:\/\/larptheque.larp.fr\/wp-content\/uploads\/2023\/04\/photo-Jean-Francois-Camilleri-scaled.jpg 2241w, https:\/\/larptheque.larp.fr\/wp-content\/uploads\/2023\/04\/photo-Jean-Francois-Camilleri-263x300.jpg 263w, https:\/\/larptheque.larp.fr\/wp-content\/uploads\/2023\/04\/photo-Jean-Francois-Camilleri-897x1024.jpg 897w, https:\/\/larptheque.larp.fr\/wp-content\/uploads\/2023\/04\/photo-Jean-Francois-Camilleri-768x877.jpg 768w, https:\/\/larptheque.larp.fr\/wp-content\/uploads\/2023\/04\/photo-Jean-Francois-Camilleri-1345x1536.jpg 1345w, https:\/\/larptheque.larp.fr\/wp-content\/uploads\/2023\/04\/photo-Jean-Francois-Camilleri-1793x2048.jpg 1793w\" sizes=\"auto, (max-width: 2241px) 100vw, 2241px\" \/><div class=\"wp-block-cover__inner-container is-layout-flow wp-block-cover-is-layout-flow\">\n<div style=\"height:386px\" aria-hidden=\"true\" class=\"wp-block-spacer\"><\/div>\n\n\n\n<p><\/p>\n\n\n\n<p><\/p>\n\n\n\n<p class=\"has-text-align-center has-white-color has-text-color has-large-font-size\"><strong>Jean-Fran\u00e7ois Camilleri<\/strong>,<br>Producteur et Distributeur (Echo Studio)<\/p>\n<\/div><\/div>\n\n\n\n<p>Jean-Fran\u00e7ois Camilleri est pr\u00e9sident et associ\u00e9 fondateur d\u2019Echo Studio depuis 2019, studio de production cin\u00e9ma et audiovisuel de films d\u2019impact.<br>Il est \u00e9galement associ\u00e9 fondateur de Path\u00e9 BC Afrique, structure de distribution de films en Afrique Francophone et au Maghreb, cr\u00e9\u00e9e en 2020.<br>Avant cela il \u00e9tait pr\u00e9sident de The Walt Disney Company France, Benelux et Afrique Francophone de 2009 \u00e0 2019 et pr\u00e9sident et fondateur de Disneynature, label de production de longs m\u00e9trages animaliers pour le cin\u00e9ma. Cr\u00e9e en 2008, ce label a produit une douzaine de films (F\u00e9lins, Les Ailes Pourpres, Chimpanz\u00e9s, Grizzly entre autres). Auparavant il avait dirig\u00e9 la distribution des films Disney, Pixar, Marvel, Lucas Films et Ghibli pour la France (2004-2008) et dirig\u00e9 Gaumont Buena Vista International, structure commune de distribution des films Gaumont et Disney (1997-2004).<br>De 1992 \u00e0 1997, il \u00e9tait directeur marketing de GBVI et avant cela, \u00e0 Los Angeles (1990-1992), en charge de la publicit\u00e9 pour les films Disney \u00e0 l\u2019international.<br>Jean-Fran\u00e7ois est l\u2019auteur de l&rsquo;ouvrage <em><strong>Le Marketing du cin\u00e9ma<\/strong><\/em> (\u00e9ditions Dixit) et de PUTAIN DE FILM (\u00e9ditions JC Gaszewitch) et est Chevalier des Arts et des Lettres.<\/p>\n\n\n\n<p><\/p>\n\n\n\n<div class=\"wp-block-cover is-light\" style=\"min-height:541px;aspect-ratio:unset;\"><span aria-hidden=\"true\" class=\"wp-block-cover__background has-background-dim-20 has-background-dim\"><\/span><img loading=\"lazy\" decoding=\"async\" width=\"546\" height=\"815\" class=\"wp-block-cover__image-background wp-image-1670\" alt=\"\" src=\"https:\/\/larptheque.larp.fr\/wp-content\/uploads\/2023\/04\/Capture-4.jpg\" data-object-fit=\"cover\" srcset=\"https:\/\/larptheque.larp.fr\/wp-content\/uploads\/2023\/04\/Capture-4.jpg 546w, https:\/\/larptheque.larp.fr\/wp-content\/uploads\/2023\/04\/Capture-4-201x300.jpg 201w\" sizes=\"auto, (max-width: 546px) 100vw, 546px\" \/><div class=\"wp-block-cover__inner-container is-layout-flow wp-block-cover-is-layout-flow\">\n<p class=\"has-text-align-center has-white-color has-text-color has-large-font-size\"><br><\/p>\n\n\n\n<p><\/p>\n\n\n\n<div style=\"height:248px\" aria-hidden=\"true\" class=\"wp-block-spacer\"><\/div>\n\n\n\n<p><\/p>\n\n\n\n<p class=\"has-text-align-center has-white-color has-text-color has-large-font-size\"><strong>Charlotte Cosson<\/strong>, <br>\u00c9crivaine et Historienne de l&rsquo;Art<\/p>\n<\/div><\/div>\n\n\n\n<p>Historienne de l\u2019art, Charlotte Cosson enseigne \u00e0 Science-Po Aix. <br>Elle cherche les \u0153uvres et les rituels qui permettent aux Modernes de se sentir appartenir \u00e0 la trame vivante du monde. Son champ d\u2019exp\u00e9rimentation se trouve en Provence o\u00f9 elle permet \u00e0 2,6 hectares de se r\u00e9ensauvager et \u00e0 des humain.e.s de se sentir connect\u00e9.e.s en pratiquant la transe.<\/p>\n\n\n\n<p><\/p>\n\n\n\n<div class=\"wp-block-cover\"><span aria-hidden=\"true\" class=\"wp-block-cover__background has-background-dim-20 has-background-dim\"><\/span><img loading=\"lazy\" decoding=\"async\" width=\"1771\" height=\"998\" class=\"wp-block-cover__image-background wp-image-1671\" alt=\"\" src=\"https:\/\/larptheque.larp.fr\/wp-content\/uploads\/2023\/04\/SD-by-Benjamin-Vial_4.jpg\" style=\"object-position:33% 27%\" data-object-fit=\"cover\" data-object-position=\"33% 27%\" srcset=\"https:\/\/larptheque.larp.fr\/wp-content\/uploads\/2023\/04\/SD-by-Benjamin-Vial_4.jpg 1771w, https:\/\/larptheque.larp.fr\/wp-content\/uploads\/2023\/04\/SD-by-Benjamin-Vial_4-300x169.jpg 300w, https:\/\/larptheque.larp.fr\/wp-content\/uploads\/2023\/04\/SD-by-Benjamin-Vial_4-1024x577.jpg 1024w, https:\/\/larptheque.larp.fr\/wp-content\/uploads\/2023\/04\/SD-by-Benjamin-Vial_4-768x433.jpg 768w, https:\/\/larptheque.larp.fr\/wp-content\/uploads\/2023\/04\/SD-by-Benjamin-Vial_4-1536x866.jpg 1536w\" sizes=\"auto, (max-width: 1771px) 100vw, 1771px\" \/><div class=\"wp-block-cover__inner-container is-layout-flow wp-block-cover-is-layout-flow\">\n<p><\/p>\n\n\n\n<div style=\"height:251px\" aria-hidden=\"true\" class=\"wp-block-spacer\"><\/div>\n\n\n\n<p><\/p>\n\n\n\n<p class=\"has-text-align-center has-large-font-size\"><br><strong>St\u00e9phane Durand<\/strong>,<br>Biologiste et Directeur de la collection <em>Mondes Sauvages<\/em> chez Actes Sud<\/p>\n<\/div><\/div>\n\n\n\n<p>Biologiste, SD se tourne vers le journalisme scientifique avant de rejoindre les \u00e9quipes de Jacques Perrin pour la r\u00e9alisation du <em><strong>Peuple Migrateur<\/strong><\/em> (2001), d\u2019<strong><em>Oc\u00e9ans<\/em> <\/strong>(2010) et des <strong><em>Saisons<\/em> <\/strong>(2016), longs-m\u00e9tages naturalistes qui ont \u00e9t\u00e9 acclam\u00e9s dans le monde entier. <br>Parall\u00e8lement \u00e0 ses activit\u00e9s audiovisuelles, il \u00e9crit sc\u00e9narios et livres documentaires puis cr\u00e9e en 2017 la collection <em>Mondes Sauvages<\/em> chez Actes Sud, maison d\u2019\u00e9dition qu\u2019il rejoint \u00e0 temps plein en 2020.<\/p>\n\n\n\n<p><\/p>\n\n\n\n<div class=\"wp-block-cover is-light\"><span aria-hidden=\"true\" class=\"wp-block-cover__background has-background-dim-20 has-background-dim\"><\/span><img loading=\"lazy\" decoding=\"async\" width=\"2560\" height=\"1704\" class=\"wp-block-cover__image-background wp-image-1672\" alt=\"\" src=\"https:\/\/larptheque.larp.fr\/wp-content\/uploads\/2023\/04\/Albane-Godard_\u00a9-Agence-Franck-Castel-scaled.jpg\" data-object-fit=\"cover\" srcset=\"https:\/\/larptheque.larp.fr\/wp-content\/uploads\/2023\/04\/Albane-Godard_\u00a9-Agence-Franck-Castel-scaled.jpg 2560w, https:\/\/larptheque.larp.fr\/wp-content\/uploads\/2023\/04\/Albane-Godard_\u00a9-Agence-Franck-Castel-300x200.jpg 300w, https:\/\/larptheque.larp.fr\/wp-content\/uploads\/2023\/04\/Albane-Godard_\u00a9-Agence-Franck-Castel-1024x682.jpg 1024w, https:\/\/larptheque.larp.fr\/wp-content\/uploads\/2023\/04\/Albane-Godard_\u00a9-Agence-Franck-Castel-768x511.jpg 768w, https:\/\/larptheque.larp.fr\/wp-content\/uploads\/2023\/04\/Albane-Godard_\u00a9-Agence-Franck-Castel-1536x1022.jpg 1536w, https:\/\/larptheque.larp.fr\/wp-content\/uploads\/2023\/04\/Albane-Godard_\u00a9-Agence-Franck-Castel-2048x1363.jpg 2048w\" sizes=\"auto, (max-width: 2560px) 100vw, 2560px\" \/><div class=\"wp-block-cover__inner-container is-layout-flow wp-block-cover-is-layout-flow\">\n<p><\/p>\n\n\n\n<p><\/p>\n\n\n\n<div style=\"height:290px\" aria-hidden=\"true\" class=\"wp-block-spacer\"><\/div>\n\n\n\n<p><\/p>\n\n\n\n<p class=\"has-text-align-center has-white-color has-text-color has-large-font-size\"><strong>Albane Godard<\/strong>,<br>Directrice G\u00e9n\u00e9rale de la Fondation GoodPlanet<\/p>\n<\/div><\/div>\n\n\n\n<p>Ing\u00e9nieure de formation, Albane Godard s\u2019int\u00e9resse depuis quinze ans aux activit\u00e9s humaines \u00e0 forts impacts environnementaux et sociaux : \u00e9nergie, mobilit\u00e9, d\u00e9veloppement urbain, agriculture. <br>Elle d\u00e9bute sa carri\u00e8re aupr\u00e8s de <a rel=\"noreferrer noopener\" href=\"https:\/\/www.iaea.org\/\" target=\"_blank\">l\u2019Agence Internationale de l\u2019Energie atomique<\/a> (AIEA) avant de devenir cheffe de projet et responsable d\u2019affaires au sein dans grand groupe d\u2019ing\u00e9nierie fran\u00e7ais, <a rel=\"noreferrer noopener\" href=\"https:\/\/www.assystem.com\/fr\/\" target=\"_blank\">Assystem<\/a>. <br>Elle effectue ensuite un voyage bas carbone en Asie avant de prendre la direction de <a rel=\"noreferrer noopener\" href=\"https:\/\/urbanlab.parisandco.paris\/\" target=\"_blank\">l\u2019Urban Lab<\/a> de Paris, op\u00e9rateur d\u2019exp\u00e9rimentations urbaines. &nbsp;En mettant en lien entrepreneurs, acteurs urbains et citoyens, elle y d\u00e9veloppe une m\u00e9thodologie unique pour assurer une innovation \u00e0 forts impacts. <br>Elle travaille pendant 2 ans sur les enjeux urbains, agricoles et alimentaires, notamment dans le cadre du d\u00e9bat publique sur la politique agricole fran\u00e7aise mais aussi avec la <a rel=\"noreferrer noopener\" href=\"https:\/\/communaute.ecotable.fr\/\" target=\"_blank\">Communaut\u00e9 Ecotable<\/a> dont elle est administratrice. Elle devient, en ao\u00fbt 2021, Directrice g\u00e9n\u00e9rale de la Fondation GoodPlanet, qui a pour mission de sensibiliser le plus grand nombre aux enjeux \u00e9cologiques et solidaires, et agir concr\u00e8tement pour un monde plus durable sur le terrain, en entreprises et au sein des collectivit\u00e9s.<\/p>\n\n\n\n<p><\/p>\n\n\n\n<div class=\"wp-block-cover\" style=\"min-height:509px;aspect-ratio:unset;\"><span aria-hidden=\"true\" class=\"wp-block-cover__background has-background-dim\"><\/span><img loading=\"lazy\" decoding=\"async\" width=\"1221\" height=\"889\" class=\"wp-block-cover__image-background wp-image-1673\" alt=\"\" src=\"https:\/\/larptheque.larp.fr\/wp-content\/uploads\/2023\/04\/Capture-5.jpg\" data-object-fit=\"cover\" srcset=\"https:\/\/larptheque.larp.fr\/wp-content\/uploads\/2023\/04\/Capture-5.jpg 1221w, https:\/\/larptheque.larp.fr\/wp-content\/uploads\/2023\/04\/Capture-5-300x218.jpg 300w, https:\/\/larptheque.larp.fr\/wp-content\/uploads\/2023\/04\/Capture-5-1024x746.jpg 1024w, https:\/\/larptheque.larp.fr\/wp-content\/uploads\/2023\/04\/Capture-5-768x559.jpg 768w\" sizes=\"auto, (max-width: 1221px) 100vw, 1221px\" \/><div class=\"wp-block-cover__inner-container is-layout-flow wp-block-cover-is-layout-flow\">\n<p class=\"has-text-align-center has-large-font-size\"><br><\/p>\n\n\n\n<div style=\"height:268px\" aria-hidden=\"true\" class=\"wp-block-spacer\"><\/div>\n\n\n\n<p class=\"has-text-align-center has-large-font-size\"><strong>Jan Kounen<\/strong>,<br>Cin\u00e9aste de L&rsquo;ARP<\/p>\n<\/div><\/div>\n\n\n\n<p>Jan Kounen est cin\u00e9aste et membre de L\u2019ARP. <\/p>\n\n\n\n<p>Dipl\u00f4m\u00e9 en Arts D\u00e9coratifs, il a r\u00e9alis\u00e9 les films<strong> <em>Dobermann<\/em><\/strong>, <em><strong>Blueberry, l\u2019exp\u00e9rience secr\u00e8te<\/strong><\/em>, <em><strong>99 Francs<\/strong><\/em> ou <em><strong>Coco Chanel <\/strong>et <strong>Igor Stravinsky, Le vol des cigognes<\/strong>, <strong>Mon cousin<\/strong>..<\/em>. Tr\u00e8s attentifs aux nouveaux formats, il a r\u00e9alis\u00e9 en 2017 la mini-s\u00e9rie pour t\u00e9l\u00e9phones portables <em>The Show<\/em> et travaille sur des projets de films en R\u00e9alit\u00e9 Virtuelle. Il r\u00e9alise ainsi <em><strong>7 lives<\/strong><\/em><a href=\"https:\/\/onlike.net\/cinema\/vr-jan-kounen\/\">, <\/a><strong><em>Ayahuasca<\/em> <\/strong>et<strong><em> -22,7\u00b0C<\/em><\/strong><em>.<\/em> Il travaille actuellement sur un film d\u2019animation, <em>Epiphania<\/em>, adapt\u00e9 de la bande dessin\u00e9e de Ludovic Debeurme. <\/p>\n\n\n\n<p><\/p>\n\n\n\n<div class=\"wp-block-cover\"><span aria-hidden=\"true\" class=\"wp-block-cover__background has-background-dim-20 has-background-dim\"><\/span><img loading=\"lazy\" decoding=\"async\" width=\"2125\" height=\"2560\" class=\"wp-block-cover__image-background wp-image-1674\" alt=\"\" src=\"https:\/\/larptheque.larp.fr\/wp-content\/uploads\/2023\/04\/Juliette-2-scaled.jpg\" data-object-fit=\"cover\" srcset=\"https:\/\/larptheque.larp.fr\/wp-content\/uploads\/2023\/04\/Juliette-2-scaled.jpg 2125w, https:\/\/larptheque.larp.fr\/wp-content\/uploads\/2023\/04\/Juliette-2-249x300.jpg 249w, https:\/\/larptheque.larp.fr\/wp-content\/uploads\/2023\/04\/Juliette-2-850x1024.jpg 850w, https:\/\/larptheque.larp.fr\/wp-content\/uploads\/2023\/04\/Juliette-2-768x925.jpg 768w, https:\/\/larptheque.larp.fr\/wp-content\/uploads\/2023\/04\/Juliette-2-1275x1536.jpg 1275w, https:\/\/larptheque.larp.fr\/wp-content\/uploads\/2023\/04\/Juliette-2-1700x2048.jpg 1700w\" sizes=\"auto, (max-width: 2125px) 100vw, 2125px\" \/><div class=\"wp-block-cover__inner-container is-layout-flow wp-block-cover-is-layout-flow\">\n<div style=\"height:234px\" aria-hidden=\"true\" class=\"wp-block-spacer\"><\/div>\n\n\n\n<p><\/p>\n\n\n\n<p class=\"has-text-align-center has-large-font-size\"><br><strong>Juliette Vigoureux<\/strong>, <br>Consultante en d\u00e9veloppement durable dans l&rsquo;industrie cin\u00e9matographique<\/p>\n<\/div><\/div>\n\n\n\n<p><strong>Juliette Vigoureux<\/strong> est fondatrice de La Base, cabinet de conseil sp\u00e9cialis\u00e9 dans la conception et le d\u00e9ploiement de strat\u00e9gies durables aupr\u00e8s de professionnels du cin\u00e9ma et de l\u2019audiovisuel. <br>Elle est dipl\u00f4m\u00e9e d\u2019un Master de Management des Organisations Culturelles (Paris Dauphine, 2007) et d\u2019un Master D\u00e9veloppement Durable (Paris Dauphine, 2021). <br>Juliette travaille depuis 2007 dans l\u2019industrie cin\u00e9matographique : en festivals (Cannes), institutions (Cin\u00e9math\u00e8que Fran\u00e7aise) et distribution de films (Mars Films). <br>Elle est l\u2019auteure d\u2019une recherche universitaire consacr\u00e9e au r\u00f4le des pouvoirs publics dans la transition environnementale des salles de cin\u00e9ma. <br>Elle pilote le p\u00f4le cin\u00e9ma au Shift Project et est auteure du chapitre cin\u00e9ma du rapport <a href=\"https:\/\/theshiftproject.org\/wp-content\/uploads\/2021\/11\/211130-TSP-PTEF-Rapport-final-Culture-v2.pdf\"><em>D\u00e9carbonons la Culture !<\/em><\/a> (The Shift Project, 2021). Titulaire de la licence Bilan Carbone\u00ae, elle est \u00e9galement fondatrice de la Fresque du Film.<br><br><\/p>\n\n\n\n<p><\/p>\n\n\n\n<p>Conversation anim\u00e9e par&nbsp;<strong>L\u00e9olo Victor-Pujebet<\/strong>, Fondateur de Horschamp.<\/p>\n\n\n\n<div class=\"wp-block-cover is-light\"><span aria-hidden=\"true\" class=\"wp-block-cover__background has-background-dim-20 has-background-dim\"><\/span><img loading=\"lazy\" decoding=\"async\" width=\"1698\" height=\"2264\" class=\"wp-block-cover__image-background wp-image-1669\" alt=\"\" src=\"https:\/\/larptheque.larp.fr\/wp-content\/uploads\/2023\/04\/Leolo-VICTOR-PUJEBET.jpg\" data-object-fit=\"cover\" srcset=\"https:\/\/larptheque.larp.fr\/wp-content\/uploads\/2023\/04\/Leolo-VICTOR-PUJEBET.jpg 1698w, https:\/\/larptheque.larp.fr\/wp-content\/uploads\/2023\/04\/Leolo-VICTOR-PUJEBET-225x300.jpg 225w, https:\/\/larptheque.larp.fr\/wp-content\/uploads\/2023\/04\/Leolo-VICTOR-PUJEBET-768x1024.jpg 768w, https:\/\/larptheque.larp.fr\/wp-content\/uploads\/2023\/04\/Leolo-VICTOR-PUJEBET-1152x1536.jpg 1152w, https:\/\/larptheque.larp.fr\/wp-content\/uploads\/2023\/04\/Leolo-VICTOR-PUJEBET-1536x2048.jpg 1536w\" sizes=\"auto, (max-width: 1698px) 100vw, 1698px\" \/><div class=\"wp-block-cover__inner-container is-layout-flow wp-block-cover-is-layout-flow\">\n<p class=\"has-text-align-center has-white-color has-text-color has-large-font-size\"><\/p>\n\n\n\n<div style=\"height:280px\" aria-hidden=\"true\" class=\"wp-block-spacer\"><\/div>\n\n\n\n<p class=\"has-text-align-center has-white-color has-text-color has-large-font-size\"><br><br><strong>L\u00e9olo Victor-Pujebet<\/strong>,<br>Fondateur de Horschamp<\/p>\n<\/div><\/div>\n\n\n\n<p>L\u00e9olo est le fondateur et directeur artistique de l\u2019association HORSCHAMP, fond\u00e9e en 2015 et parrain\u00e9e par Thierry Fr\u00e9maux. Il a interview\u00e9 et re\u00e7u en master-classe pr\u00e8s d\u2019une centaine de cin\u00e9astes et artistes parmi lesquels figurent Fanny Ardant, Arnaud Desplechin, Matthias Schoenaerts, Raymond Depardon, Nathalie Baye, Gaspar No\u00e9, Harmony Korine, Wang Bing, Jacques Audiard ou encore Gaspard Ulliel.<br>En parall\u00e8le de son travail de r\u00e9alisateur, il a \u00e9t\u00e9 le scripte, puis l\u2019assistant et le directeur de casting de Christophe Honor\u00e9 ainsi que photographe plateau sur les films de Samuel Benchetrit et Fabienne Berthaud. Il r\u00e9alise en 2022 son premier long-m\u00e9trage<strong><em>&nbsp;Le corps du d\u00e9lit<\/em><\/strong>, avec au casting Mathieu Morel, Denis Lavant, Bertrand Bonello, Mathieu Carri\u00e8re et \u00c9ric G\u00e9nov\u00e8se de la com\u00e9die fran\u00e7aise.&nbsp;<\/p>\n","protected":false},"excerpt":{"rendered":"<p>Regards crois\u00e9s engag\u00e9s et engageants avec des personnalit\u00e9s qui questionnent ensemble la mani\u00e8re dont l\u2019\u00e9cologie se raconte \u00e0 travers les images, pourquoi et comment elle s\u2019empare des r\u00e9cits. En replay : Avec : Jean-Fran\u00e7ois Camilleri est pr\u00e9sident et associ\u00e9 fondateur d\u2019Echo Studio depuis 2019, studio de production cin\u00e9ma et audiovisuel de films d\u2019impact.Il est \u00e9galement &hellip; <a href=\"https:\/\/larptheque.larp.fr\/index.php\/2023\/04\/14\/18h30-creation-reaction-action\/\" class=\"more-link\">Continuer la lecture de <span class=\"screen-reader-text\">18h30 : Cr\u00e9ation, R\u00e9action, Action<\/span>  <span class=\"meta-nav\">&rarr;<\/span><\/a><\/p>\n","protected":false},"author":1,"featured_media":0,"comment_status":"open","ping_status":"open","sticky":false,"template":"","format":"standard","meta":{"footnotes":""},"categories":[29],"tags":[],"class_list":["post-1666","post","type-post","status-publish","format-standard","hentry","category-la-journee-de-la-creation-2023"],"_links":{"self":[{"href":"https:\/\/larptheque.larp.fr\/index.php\/wp-json\/wp\/v2\/posts\/1666","targetHints":{"allow":["GET"]}}],"collection":[{"href":"https:\/\/larptheque.larp.fr\/index.php\/wp-json\/wp\/v2\/posts"}],"about":[{"href":"https:\/\/larptheque.larp.fr\/index.php\/wp-json\/wp\/v2\/types\/post"}],"author":[{"embeddable":true,"href":"https:\/\/larptheque.larp.fr\/index.php\/wp-json\/wp\/v2\/users\/1"}],"replies":[{"embeddable":true,"href":"https:\/\/larptheque.larp.fr\/index.php\/wp-json\/wp\/v2\/comments?post=1666"}],"version-history":[{"count":4,"href":"https:\/\/larptheque.larp.fr\/index.php\/wp-json\/wp\/v2\/posts\/1666\/revisions"}],"predecessor-version":[{"id":1740,"href":"https:\/\/larptheque.larp.fr\/index.php\/wp-json\/wp\/v2\/posts\/1666\/revisions\/1740"}],"wp:attachment":[{"href":"https:\/\/larptheque.larp.fr\/index.php\/wp-json\/wp\/v2\/media?parent=1666"}],"wp:term":[{"taxonomy":"category","embeddable":true,"href":"https:\/\/larptheque.larp.fr\/index.php\/wp-json\/wp\/v2\/categories?post=1666"},{"taxonomy":"post_tag","embeddable":true,"href":"https:\/\/larptheque.larp.fr\/index.php\/wp-json\/wp\/v2\/tags?post=1666"}],"curies":[{"name":"wp","href":"https:\/\/api.w.org\/{rel}","templated":true}]}}