{"id":1658,"date":"2023-04-14T15:55:07","date_gmt":"2023-04-14T15:55:07","guid":{"rendered":"https:\/\/larptheque.larp.fr\/?p=1658"},"modified":"2023-04-21T13:33:03","modified_gmt":"2023-04-21T13:33:03","slug":"17h-quels-choix-artistiques-dans-la-mise-en-scene-limage-le-son-et-la-musique","status":"publish","type":"post","link":"https:\/\/larptheque.larp.fr\/index.php\/2023\/04\/14\/17h-quels-choix-artistiques-dans-la-mise-en-scene-limage-le-son-et-la-musique\/","title":{"rendered":"17h : Quels choix artistiques dans la mise en sc\u00e8ne, l&rsquo;image, le son et la musique ?\u00a0"},"content":{"rendered":"\n<p>Ce cas pratique autour du film\u00a0<a rel=\"noreferrer noopener\" href=\"http:\/\/y05q.mjt.lu\/lnk\/AUUAABMZY7sAAcpwt6QAARze6N0AAAAB5z0AnMKMAAuRqABkNYqbG9o_w57wTHKQieAJenTrFwALqto\/4\/krCuqti2uy41IH4zUHmcMg\/aHR0cHM6Ly93d3cuYWxsb2NpbmUuZnIvZmlsbS9maWNoZWZpbG1fZ2VuX2NmaWxtPTI4MzU4My5odG1s\" target=\"_blank\"><em>La Montagne<\/em><\/a>, de Thomas Salvador (Prix du Jury au Festival International du Film Fantastique de G\u00e9rardmer 2023), reviend, autour d&rsquo;extraits de films, sur les choix artistiques dans la mise en sc\u00e8ne, dans l\u2019\u00e9clairage, le son, la musique\u2026\u00a0<\/p>\n\n\n\n<p><strong>En replay :<\/strong><\/p>\n\n\n\n<figure class=\"wp-block-embed is-type-rich is-provider-prise-en-charge-des-contenus-embarques wp-block-embed-prise-en-charge-des-contenus-embarques wp-embed-aspect-16-9 wp-has-aspect-ratio\"><div class=\"wp-block-embed__wrapper\">\n<iframe loading=\"lazy\" title=\"Journ\u00e9e de la Cr\u00e9ation 2023 - Cas pratique.\" width=\"474\" height=\"267\" src=\"https:\/\/www.youtube.com\/embed\/yRvhwOrUMDQ?feature=oembed\" frameborder=\"0\" allow=\"accelerometer; autoplay; clipboard-write; encrypted-media; gyroscope; picture-in-picture; web-share\" referrerpolicy=\"strict-origin-when-cross-origin\" allowfullscreen><\/iframe>\n<\/div><\/figure>\n\n\n\n<p><strong>Avec :<\/strong><\/p>\n\n\n\n<div class=\"wp-block-cover\"><span aria-hidden=\"true\" class=\"wp-block-cover__background has-background-dim-20 has-background-dim\"><\/span><img loading=\"lazy\" decoding=\"async\" width=\"738\" height=\"915\" class=\"wp-block-cover__image-background wp-image-1660\" alt=\"\" src=\"https:\/\/larptheque.larp.fr\/wp-content\/uploads\/2023\/04\/pour-le-site-1.jpg\" data-object-fit=\"cover\" srcset=\"https:\/\/larptheque.larp.fr\/wp-content\/uploads\/2023\/04\/pour-le-site-1.jpg 738w, https:\/\/larptheque.larp.fr\/wp-content\/uploads\/2023\/04\/pour-le-site-1-242x300.jpg 242w\" sizes=\"auto, (max-width: 738px) 100vw, 738px\" \/><div class=\"wp-block-cover__inner-container is-layout-flow wp-block-cover-is-layout-flow\">\n<div style=\"height:318px\" aria-hidden=\"true\" class=\"wp-block-spacer\"><\/div>\n\n\n\n<p class=\"has-text-align-center has-large-font-size\"><strong>Thomas Salvador<\/strong>, <br>R\u00e9alisateur, Sc\u00e9nariste, Com\u00e9dien<\/p>\n<\/div><\/div>\n\n\n\n<p>Thomas Salvador est cin\u00e9aste, sc\u00e9nariste et acteur dans ses films.<br>Il a r\u00e9alis\u00e9 6 courts-m\u00e9trages, prim\u00e9s dans de nombreux festivals, parmi lesquels <strong><em>Petits Pas<\/em><\/strong> (Quinzaine des r\u00e9alisateurs) et <strong><em>De sortie<\/em><\/strong> (prix Jean Vigo 2006). <br>Pensionnaire \u00e0 la Villa M\u00e9dicis \u00e0 Rome, il y \u00e9crit&nbsp;son premier long-m\u00e9trage&nbsp;<strong><em>Vincent n\u2019a pas d\u2019\u00e9cailles<\/em><\/strong>, sorti en salle en f\u00e9vrier 2015 et s\u00e9lectionn\u00e9 dans plus de quarante festivals en France et \u00e0 l&rsquo;\u00e9tranger.&nbsp;<br>Cin\u00e9phile \u00e9clectique et passionn\u00e9, il&nbsp;anime de nombreux ateliers vid\u00e9o en milieu scolaire, et intervient r\u00e9guli\u00e8rement dans des \u00e9coles de cin\u00e9ma (La F\u00e9mis, La Cin\u00e9fabrique ou encore L\u2019Ecal de Lausanne). <br>Son second long-m\u00e9trage,<em>&nbsp;<strong>La Montagne<\/strong><\/em>, est sorti en France le 1er f\u00e9vrier 2023.<\/p>\n\n\n\n<p>Et <\/p>\n\n\n\n<p>\u2022&nbsp;<strong>Mathilde Muyard<\/strong>, Monteuse<\/p>\n\n\n\n<div style=\"height:50px\" aria-hidden=\"true\" class=\"wp-block-spacer\"><\/div>\n\n\n\n<p>Cas pratique anim\u00e9 par&nbsp;<strong>Pierre Charpilloz<\/strong>, Journaliste et Critique cin\u00e9ma :<\/p>\n\n\n\n<div class=\"wp-block-cover is-light\"><span aria-hidden=\"true\" class=\"wp-block-cover__background has-background-dim-20 has-background-dim\"><\/span><img loading=\"lazy\" decoding=\"async\" width=\"500\" height=\"499\" class=\"wp-block-cover__image-background wp-image-1661\" alt=\"\" src=\"https:\/\/larptheque.larp.fr\/wp-content\/uploads\/2023\/04\/charpilloz-pierre.jpg\" data-object-fit=\"cover\" srcset=\"https:\/\/larptheque.larp.fr\/wp-content\/uploads\/2023\/04\/charpilloz-pierre.jpg 500w, https:\/\/larptheque.larp.fr\/wp-content\/uploads\/2023\/04\/charpilloz-pierre-300x300.jpg 300w, https:\/\/larptheque.larp.fr\/wp-content\/uploads\/2023\/04\/charpilloz-pierre-150x150.jpg 150w\" sizes=\"auto, (max-width: 500px) 100vw, 500px\" \/><div class=\"wp-block-cover__inner-container is-layout-flow wp-block-cover-is-layout-flow\">\n<p><\/p>\n\n\n\n<div style=\"height:386px\" aria-hidden=\"true\" class=\"wp-block-spacer\"><\/div>\n\n\n\n<p><\/p>\n\n\n\n<p class=\"has-text-align-center has-white-color has-text-color has-large-font-size\"><strong>Pierre Chapilloz<\/strong>,<br>Journaliste et Critique cin\u00e9ma<\/p>\n<\/div><\/div>\n\n\n\n<p>Journaliste et critique de cin\u00e9ma, Pierre Charpilloz travaille notamment pour les \u00e9missions Viva Cinema sur Cin\u00e9+ Classic et Court-Circuit sur Arte, ainsi que pour les magazines So Film, Bande \u00e0 Part, Ecran Total et Revus et Corrig\u00e9s. <br>Parall\u00e8lement, il enseigne le cin\u00e9ma \u00e0 l\u2019Universit\u00e9 de Strasbourg et \u00e0 l\u2019Universit\u00e9 Paris 8.<\/p>\n","protected":false},"excerpt":{"rendered":"<p>Ce cas pratique autour du film\u00a0La Montagne, de Thomas Salvador (Prix du Jury au Festival International du Film Fantastique de G\u00e9rardmer 2023), reviend, autour d&rsquo;extraits de films, sur les choix artistiques dans la mise en sc\u00e8ne, dans l\u2019\u00e9clairage, le son, la musique\u2026\u00a0 En replay : Avec : Thomas Salvador est cin\u00e9aste, sc\u00e9nariste et acteur dans &hellip; <a href=\"https:\/\/larptheque.larp.fr\/index.php\/2023\/04\/14\/17h-quels-choix-artistiques-dans-la-mise-en-scene-limage-le-son-et-la-musique\/\" class=\"more-link\">Continuer la lecture de <span class=\"screen-reader-text\">17h : Quels choix artistiques dans la mise en sc\u00e8ne, l&rsquo;image, le son et la musique ?\u00a0<\/span>  <span class=\"meta-nav\">&rarr;<\/span><\/a><\/p>\n","protected":false},"author":1,"featured_media":0,"comment_status":"open","ping_status":"open","sticky":false,"template":"","format":"standard","meta":{"footnotes":""},"categories":[29],"tags":[],"class_list":["post-1658","post","type-post","status-publish","format-standard","hentry","category-la-journee-de-la-creation-2023"],"_links":{"self":[{"href":"https:\/\/larptheque.larp.fr\/index.php\/wp-json\/wp\/v2\/posts\/1658","targetHints":{"allow":["GET"]}}],"collection":[{"href":"https:\/\/larptheque.larp.fr\/index.php\/wp-json\/wp\/v2\/posts"}],"about":[{"href":"https:\/\/larptheque.larp.fr\/index.php\/wp-json\/wp\/v2\/types\/post"}],"author":[{"embeddable":true,"href":"https:\/\/larptheque.larp.fr\/index.php\/wp-json\/wp\/v2\/users\/1"}],"replies":[{"embeddable":true,"href":"https:\/\/larptheque.larp.fr\/index.php\/wp-json\/wp\/v2\/comments?post=1658"}],"version-history":[{"count":5,"href":"https:\/\/larptheque.larp.fr\/index.php\/wp-json\/wp\/v2\/posts\/1658\/revisions"}],"predecessor-version":[{"id":1739,"href":"https:\/\/larptheque.larp.fr\/index.php\/wp-json\/wp\/v2\/posts\/1658\/revisions\/1739"}],"wp:attachment":[{"href":"https:\/\/larptheque.larp.fr\/index.php\/wp-json\/wp\/v2\/media?parent=1658"}],"wp:term":[{"taxonomy":"category","embeddable":true,"href":"https:\/\/larptheque.larp.fr\/index.php\/wp-json\/wp\/v2\/categories?post=1658"},{"taxonomy":"post_tag","embeddable":true,"href":"https:\/\/larptheque.larp.fr\/index.php\/wp-json\/wp\/v2\/tags?post=1658"}],"curies":[{"name":"wp","href":"https:\/\/api.w.org\/{rel}","templated":true}]}}